{"id":79299,"date":"2017-02-03T11:23:31","date_gmt":"2017-02-03T14:23:31","guid":{"rendered":"http:\/\/prensa.mendoza.gov.ar\/?p=79299"},"modified":"2017-02-03T11:23:31","modified_gmt":"2017-02-03T14:23:31","slug":"continuan-los-desvios-por-reparacion-del-puente-cacique-guaymallen","status":"publish","type":"post","link":"https:\/\/www.mendoza.gov.ar\/prensa\/continuan-los-desvios-por-reparacion-del-puente-cacique-guaymallen\/","title":{"rendered":"Contin\u00faan los desv\u00edos por reparaci\u00f3n del puente Cacique Guaymall\u00e9n"},"content":{"rendered":"<!DOCTYPE html PUBLIC \"-\/\/W3C\/\/DTD HTML 4.0 Transitional\/\/EN\" \"http:\/\/www.w3.org\/TR\/REC-html40\/loose.dtd\">\n<html><body><p>Prosiguen los trabajos de reparaci&oacute;n del puente Cacique Guaymall&eacute;n, sobre la Costanera, y con ello tambi&eacute;n el tr&aacute;nsito cerrado sobre Reconquista y Alem.<\/p>\n<p>Las l&iacute;neas de transporte que transitan por la zona son:<\/p>\n<ul>\n<li>Trole Villa Nueva<\/li>\n<li>Grupo 2<\/li>\n<li>Grupo 10<\/li>\n<li>Grupo 4<\/li>\n<li>Grupo 5<\/li>\n<li>Grupo 6<\/li>\n<\/ul>\n<p>Los servicios realizar&aacute;n el siguiente recorrido:<\/p>\n<p><strong> De zona a centro por Costanera hacia el norte, cruce a Costanera por Catamarca hacia el sur y Alem.<\/strong><\/p>\n<ul>\n<li>Grupo 1<\/li>\n<li>Grupos 7, 8 y 9<\/li>\n<\/ul>\n<p><strong>De zona a centro por Costanera hacia el norte , cruce por Catamarca, retomando su recorrido.<\/strong><\/p>\n<ul>\n<li>Grupo 850<\/li>\n<\/ul>\n<p><strong>De zona a centro salida desde la Terminal, Vicente Zapata, Rioja, a su recorrido<\/strong>.<\/p>\n<ul>\n<li>Grupo 8<\/li>\n<li>Grupo 5<\/li>\n<\/ul>\n<p><strong>De centro a zona ir&aacute;n por calle Alem, Costanera hacia el sur, rotonda de Vicente Zapata, Costanera hacia el norte y Reconquista.<\/strong><\/p>\n<p>El ordenamiento del tr&aacute;nsito los 60 d&iacute;as que dure la obra estar&aacute; a cargo de la Direcci&oacute;n de Preventores y de la Polic&iacute;a Comunal de Ciudad.<\/p>\n<\/body><\/html>\n","protected":false},"excerpt":{"rendered":"Es la segunda etapa de las obras que se realiza sobre Reconquista y Alem. Durar\u00e1n 60 d\u00edas.","protected":false},"author":2,"featured_media":79302,"comment_status":"open","ping_status":"open","sticky":false,"template":"","format":"standard","meta":[],"categories":[34],"tags":[],"_links":{"self":[{"href":"https:\/\/www.mendoza.gov.ar\/prensa\/wp-json\/wp\/v2\/posts\/79299"}],"collection":[{"href":"https:\/\/www.mendoza.gov.ar\/prensa\/wp-json\/wp\/v2\/posts"}],"about":[{"href":"https:\/\/www.mendoza.gov.ar\/prensa\/wp-json\/wp\/v2\/types\/post"}],"author":[{"embeddable":true,"href":"https:\/\/www.mendoza.gov.ar\/prensa\/wp-json\/wp\/v2\/users\/2"}],"replies":[{"embeddable":true,"href":"https:\/\/www.mendoza.gov.ar\/prensa\/wp-json\/wp\/v2\/comments?post=79299"}],"version-history":[{"count":0,"href":"https:\/\/www.mendoza.gov.ar\/prensa\/wp-json\/wp\/v2\/posts\/79299\/revisions"}],"wp:featuredmedia":[{"embeddable":true,"href":"https:\/\/www.mendoza.gov.ar\/prensa\/wp-json\/wp\/v2\/media\/79302"}],"wp:attachment":[{"href":"https:\/\/www.mendoza.gov.ar\/prensa\/wp-json\/wp\/v2\/media?parent=79299"}],"wp:term":[{"taxonomy":"category","embeddable":true,"href":"https:\/\/www.mendoza.gov.ar\/prensa\/wp-json\/wp\/v2\/categories?post=79299"},{"taxonomy":"post_tag","embeddable":true,"href":"https:\/\/www.mendoza.gov.ar\/prensa\/wp-json\/wp\/v2\/tags?post=79299"}],"curies":[{"name":"wp","href":"https:\/\/api.w.org\/{rel}","templated":true}]}}