{"id":79611,"date":"2017-02-07T08:36:39","date_gmt":"2017-02-07T11:36:39","guid":{"rendered":"http:\/\/prensa.mendoza.gov.ar\/?p=79611"},"modified":"2017-02-07T08:36:39","modified_gmt":"2017-02-07T11:36:39","slug":"campamento-de-verano","status":"publish","type":"post","link":"https:\/\/www.mendoza.gov.ar\/prensa\/campamento-de-verano\/","title":{"rendered":"Campamentos en las dos escuelas de verano de la OSEP"},"content":{"rendered":"<!DOCTYPE html PUBLIC \"-\/\/W3C\/\/DTD HTML 4.0 Transitional\/\/EN\" \"http:\/\/www.w3.org\/TR\/REC-html40\/loose.dtd\">\n<html><body><p>La jornada de hoy fue especial para los chicos que asisten a la escuela de verano del Club Aperuci. Por iniciativa del programa &ldquo;Verano saludable al aire libre&rdquo; de la Obra Social de Empleados P&uacute;blicos (OSEP), comenzaron un campamento y permanecer&aacute;n hasta ma&ntilde;ana en las instalaciones del espacio deportivo ubicado en El Bermejo.<br id=\"m_-2462338205813324112yiv4094510326yui_3_16_0_ym19_1_1486402111049_5566\"><br id=\"m_-2462338205813324112yiv4094510326yui_3_16_0_ym19_1_1486402111049_5567\">En el marco de las actividades organizadas por el programa de&nbsp;la Direcci&oacute;n de Atenci&oacute;n Primaria&nbsp;de la OSEP, se realizar&aacute;n campamentos con los ni&ntilde;os que concurren a sus escuelas de verano del club Aperbuci, de Guaymall&eacute;n, y del Club Banco Mendoza, de Luj&aacute;n de Cuyo.<br id=\"m_-2462338205813324112yiv4094510326yui_3_16_0_ym19_1_1486402111049_5568\"><br id=\"m_-2462338205813324112yiv4094510326yui_3_16_0_ym19_1_1486402111049_5569\">Para el grupo de El Bermejo, la actividad comenz&oacute; hoy y finalizar&aacute; ma&ntilde;ana. All&iacute; realizar&aacute;n tareas cuyo objetivo es reforzar distintos conceptos como alimentaci&oacute;n saludable, supervivencia, respeto, solidaridad, recreaci&oacute;n, y principalmente, cuidado del medio ambiente y respeto en la utilizaci&oacute;n de recursos de la naturaleza. Adem&aacute;s, aprender&aacute;n a colocar las carpas en las que descansar&aacute;n y adquirir&aacute;n conocimientos b&aacute;sicos, como la utilizaci&oacute;n de la linterna.<br id=\"m_-2462338205813324112yiv4094510326yui_3_16_0_ym19_1_1486402111049_5570\"><br id=\"m_-2462338205813324112yiv4094510326yui_3_16_0_ym19_1_1486402111049_5571\">Por su parte, los ni&ntilde;os que est&aacute;n finalizando su temporada en Banco Mendoza comenzar&aacute;n su campamento el pr&oacute;ximo mi&eacute;rcoles y finalizar&aacute;n el jueves, a las 12, en las instalaciones del club.<\/p>\n<\/body><\/html>\n","protected":false},"excerpt":{"rendered":"El objetivo es reforzar conceptos como alimentaci\u00f3n saludable, supervivencia, respeto, solidaridad, recreaci\u00f3n y, principalmente, cuidado del medio ambiente y respeto en la utilizaci\u00f3n de recursos de la naturaleza.","protected":false},"author":2,"featured_media":79509,"comment_status":"open","ping_status":"open","sticky":false,"template":"","format":"standard","meta":[],"categories":[30],"tags":[],"_links":{"self":[{"href":"https:\/\/www.mendoza.gov.ar\/prensa\/wp-json\/wp\/v2\/posts\/79611"}],"collection":[{"href":"https:\/\/www.mendoza.gov.ar\/prensa\/wp-json\/wp\/v2\/posts"}],"about":[{"href":"https:\/\/www.mendoza.gov.ar\/prensa\/wp-json\/wp\/v2\/types\/post"}],"author":[{"embeddable":true,"href":"https:\/\/www.mendoza.gov.ar\/prensa\/wp-json\/wp\/v2\/users\/2"}],"replies":[{"embeddable":true,"href":"https:\/\/www.mendoza.gov.ar\/prensa\/wp-json\/wp\/v2\/comments?post=79611"}],"version-history":[{"count":0,"href":"https:\/\/www.mendoza.gov.ar\/prensa\/wp-json\/wp\/v2\/posts\/79611\/revisions"}],"wp:featuredmedia":[{"embeddable":true,"href":"https:\/\/www.mendoza.gov.ar\/prensa\/wp-json\/wp\/v2\/media\/79509"}],"wp:attachment":[{"href":"https:\/\/www.mendoza.gov.ar\/prensa\/wp-json\/wp\/v2\/media?parent=79611"}],"wp:term":[{"taxonomy":"category","embeddable":true,"href":"https:\/\/www.mendoza.gov.ar\/prensa\/wp-json\/wp\/v2\/categories?post=79611"},{"taxonomy":"post_tag","embeddable":true,"href":"https:\/\/www.mendoza.gov.ar\/prensa\/wp-json\/wp\/v2\/tags?post=79611"}],"curies":[{"name":"wp","href":"https:\/\/api.w.org\/{rel}","templated":true}]}}