{"id":79783,"date":"2017-02-08T12:24:53","date_gmt":"2017-02-08T15:24:53","guid":{"rendered":"http:\/\/prensa.mendoza.gov.ar\/?p=79783"},"modified":"2017-02-08T12:24:53","modified_gmt":"2017-02-08T15:24:53","slug":"se-reforzaran-los-servicios-de-transporte-que-llegan-hasta-el-santuario-de-el-challao","status":"publish","type":"post","link":"https:\/\/www.mendoza.gov.ar\/prensa\/se-reforzaran-los-servicios-de-transporte-que-llegan-hasta-el-santuario-de-el-challao\/","title":{"rendered":"Se reforzar\u00e1n los servicios de transporte al santuario de El Challao"},"content":{"rendered":"<!DOCTYPE html PUBLIC \"-\/\/W3C\/\/DTD HTML 4.0 Transitional\/\/EN\" \"http:\/\/www.w3.org\/TR\/REC-html40\/loose.dtd\">\n<html><body><p>El pr&oacute;ximo s&aacute;bado se realizar&aacute; la tradicional celebraci&oacute;n del D&iacute;a de la Virgen, en el Santuario de El Challao. Cientos de fieles participan tradicionalmente en este festejo, por lo que la Direcci&oacute;n de Transporte dispondr&aacute; de refuerzos en las l&iacute;neas 114\/115 &ldquo;Sanidad-El Challao x Centro&rdquo;, con 75 frecuencias, y 114\/115 &ldquo;Sanidad-Challao-San Isidro&rdquo;, con 79 frecuencias.<\/p>\n<p>Tambi&eacute;n se dispondr&aacute; un servicio especial con 20 unidades, que comenzar&aacute; a funcionar a&nbsp;las 21 y trasladar&aacute; a los asistentes desde El Challao hasta la plaza Independencia para que nadie quede varado por falta de colectivos.<\/p>\n<p>Adem&aacute;s, estar&aacute; habilitado el colectivo de Red Bus para comprar o recargar la&nbsp;tarjeta.<\/p>\n<\/body><\/html>\n","protected":false},"excerpt":{"rendered":"La Fiesta Patronal de la Virgen de Lourdes ser\u00e1 el s\u00e1bado 11 de febrero y las frecuencias ser\u00e1n las de un d\u00eda h\u00e1bil. Adem\u00e1s, habr\u00e1 un servicio especial a partir de las 21, que facilitar\u00e1 el traslado una vez finalizado el festejo.","protected":false},"author":2,"featured_media":79784,"comment_status":"open","ping_status":"open","sticky":false,"template":"","format":"standard","meta":[],"categories":[34],"tags":[],"_links":{"self":[{"href":"https:\/\/www.mendoza.gov.ar\/prensa\/wp-json\/wp\/v2\/posts\/79783"}],"collection":[{"href":"https:\/\/www.mendoza.gov.ar\/prensa\/wp-json\/wp\/v2\/posts"}],"about":[{"href":"https:\/\/www.mendoza.gov.ar\/prensa\/wp-json\/wp\/v2\/types\/post"}],"author":[{"embeddable":true,"href":"https:\/\/www.mendoza.gov.ar\/prensa\/wp-json\/wp\/v2\/users\/2"}],"replies":[{"embeddable":true,"href":"https:\/\/www.mendoza.gov.ar\/prensa\/wp-json\/wp\/v2\/comments?post=79783"}],"version-history":[{"count":0,"href":"https:\/\/www.mendoza.gov.ar\/prensa\/wp-json\/wp\/v2\/posts\/79783\/revisions"}],"wp:featuredmedia":[{"embeddable":true,"href":"https:\/\/www.mendoza.gov.ar\/prensa\/wp-json\/wp\/v2\/media\/79784"}],"wp:attachment":[{"href":"https:\/\/www.mendoza.gov.ar\/prensa\/wp-json\/wp\/v2\/media?parent=79783"}],"wp:term":[{"taxonomy":"category","embeddable":true,"href":"https:\/\/www.mendoza.gov.ar\/prensa\/wp-json\/wp\/v2\/categories?post=79783"},{"taxonomy":"post_tag","embeddable":true,"href":"https:\/\/www.mendoza.gov.ar\/prensa\/wp-json\/wp\/v2\/tags?post=79783"}],"curies":[{"name":"wp","href":"https:\/\/api.w.org\/{rel}","templated":true}]}}