{"id":79874,"date":"2017-02-09T08:09:25","date_gmt":"2017-02-09T11:09:25","guid":{"rendered":"http:\/\/prensa.mendoza.gov.ar\/?p=79874"},"modified":"2017-02-09T08:09:25","modified_gmt":"2017-02-09T11:09:25","slug":"instalacion-de-nuevos-equipos-de-aire-en-el-hospital-del-carmen","status":"publish","type":"post","link":"https:\/\/www.mendoza.gov.ar\/prensa\/instalacion-de-nuevos-equipos-de-aire-en-el-hospital-del-carmen\/","title":{"rendered":"Instalan nuevos equipos de aire en el Hospital del Carmen"},"content":{"rendered":"<!DOCTYPE html PUBLIC \"-\/\/W3C\/\/DTD HTML 4.0 Transitional\/\/EN\" \"http:\/\/www.w3.org\/TR\/REC-html40\/loose.dtd\">\n<html><body><p>Nuevos equipos de aire acondicionado ser&aacute;n colocados en el Hospital del Carmen. La instalaci&oacute;n se concretar&aacute;&nbsp;en dos etapas. Este&nbsp;<span id=\"m_-5253342949103359286yiv0501958922yui_3_16_0_ym19_1_1486557251838_6768\"><span id=\"m_-5253342949103359286yiv0501958922yui_3_16_0_ym19_1_1486557251838_6769\">jueves<\/span><\/span> se instalar&aacute;n y quedar&aacute;n funcionando dos&nbsp;equipos, y se desinstalar&aacute;n&nbsp;los cinco&nbsp;equipos que est&aacute;n fuera de servicio. En el transcurso de la semana se instalar&aacute;n los dos restantes.<\/p>\n<p>Durante el proceso de instalaci&oacute;n, todas las &aacute;reas cr&iacute;ticas, como Neonatolog&iacute;a y Cirug&iacute;a, tendr&aacute;n servicio de aire acondicionado de forma normal. S&oacute;lo se ver&aacute; interrumpido el servicio de climatizaci&oacute;n en el sector de internaci&oacute;n durante algunas horas.<\/p>\n<div id=\"m_-5253342949103359286yiv0501958922yui_3_16_0_ym19_1_1486571578980_4321\">En consecuencia, la Direcci&oacute;n de Infraestructura ha previsto que los equipos reparados pasar&aacute;n a ser &ldquo;equipos de emergencia&rdquo; para Neonatolog&iacute;a y Cirug&iacute;a del Obst&eacute;trico Virgen de la Misericordia y para cubrir la climatizaci&oacute;n de las &aacute;reas de apoyo, la confiter&iacute;a, el sal&oacute;n de usos m&uacute;ltiples y los dormitorios de m&eacute;dicos. El valor de la compra, instalaci&oacute;n y mantenimiento por el a&ntilde;o es de $3.890.000.<\/div>\n<div><\/div>\n<div><a href=\"https:\/\/www.mendoza.gov.ar\/prensa\/wp-content\/uploads\/sites\/23\/foto23.jpg\"><img loading=\"lazy\" class=\"alignnone  wp-image-79876 img-responsive center-block\" src=\"https:\/\/www.mendoza.gov.ar\/prensa\/wp-content\/uploads\/sites\/23\/foto23.jpg\" alt=\"\" width=\"796\" height=\"597\"><\/a><\/div>\n<p>En el Hospital del Carmen se repararon 14 equipos de climatizac&oacute;n, de un total de 22. <span id=\"m_-5253342949103359286yiv0501958922yui_3_16_0_ym19_1_1486557251838_6775\"><span id=\"m_-5253342949103359286yiv0501958922yui_3_16_0_ym19_1_1486557251838_6776\">Hoy<\/span><\/span> funcionan todos los equipos de aire, ya que est&aacute;n en perfecto estado. No obstante, se ha puesto en marcha un plan de mejora&nbsp;para optimizar el rendimiento de los aparatos.<br id=\"m_-5253342949103359286yiv0501958922yui_3_16_0_ym19_1_1486557251838_6777\"><br id=\"m_-5253342949103359286yiv0501958922yui_3_16_0_ym19_1_1486557251838_6778\">En el caso del Centro Odontol&oacute;gico, se compraron e instalaron seis&nbsp;equipos nuevos, los cuales est&aacute;n funcionando en perfectas condiciones. La obra tuvo un valor aproximado de $4.300.000.<\/p>\n<\/body><\/html>\n","protected":false},"excerpt":{"rendered":"La Obra Social de Empleados P\u00fablicos instalar\u00e1 cuatro nuevos equipos de aire de 17 toneladas de refrigeraci\u00f3n en la Maternidad Virgen de la Misericordia. Tambi\u00e9n se compraron e instalaron equipos nuevos en el Centro Odontol\u00f3gico.","protected":false},"author":2,"featured_media":79875,"comment_status":"open","ping_status":"open","sticky":false,"template":"","format":"standard","meta":[],"categories":[30],"tags":[],"_links":{"self":[{"href":"https:\/\/www.mendoza.gov.ar\/prensa\/wp-json\/wp\/v2\/posts\/79874"}],"collection":[{"href":"https:\/\/www.mendoza.gov.ar\/prensa\/wp-json\/wp\/v2\/posts"}],"about":[{"href":"https:\/\/www.mendoza.gov.ar\/prensa\/wp-json\/wp\/v2\/types\/post"}],"author":[{"embeddable":true,"href":"https:\/\/www.mendoza.gov.ar\/prensa\/wp-json\/wp\/v2\/users\/2"}],"replies":[{"embeddable":true,"href":"https:\/\/www.mendoza.gov.ar\/prensa\/wp-json\/wp\/v2\/comments?post=79874"}],"version-history":[{"count":0,"href":"https:\/\/www.mendoza.gov.ar\/prensa\/wp-json\/wp\/v2\/posts\/79874\/revisions"}],"wp:featuredmedia":[{"embeddable":true,"href":"https:\/\/www.mendoza.gov.ar\/prensa\/wp-json\/wp\/v2\/media\/79875"}],"wp:attachment":[{"href":"https:\/\/www.mendoza.gov.ar\/prensa\/wp-json\/wp\/v2\/media?parent=79874"}],"wp:term":[{"taxonomy":"category","embeddable":true,"href":"https:\/\/www.mendoza.gov.ar\/prensa\/wp-json\/wp\/v2\/categories?post=79874"},{"taxonomy":"post_tag","embeddable":true,"href":"https:\/\/www.mendoza.gov.ar\/prensa\/wp-json\/wp\/v2\/tags?post=79874"}],"curies":[{"name":"wp","href":"https:\/\/api.w.org\/{rel}","templated":true}]}}