{"id":79883,"date":"2017-02-09T09:22:37","date_gmt":"2017-02-09T12:22:37","guid":{"rendered":"http:\/\/prensa.mendoza.gov.ar\/?p=79883"},"modified":"2017-02-09T09:22:37","modified_gmt":"2017-02-09T12:22:37","slug":"se-realizaron-tareas-para-mitigar-el-granizo-en-los-tres-oasis","status":"publish","type":"post","link":"https:\/\/www.mendoza.gov.ar\/prensa\/se-realizaron-tareas-para-mitigar-el-granizo-en-los-tres-oasis\/","title":{"rendered":"Se realizaron tareas para mitigar el granizo en los tres oasis"},"content":{"rendered":"<!DOCTYPE html PUBLIC \"-\/\/W3C\/\/DTD HTML 4.0 Transitional\/\/EN\" \"http:\/\/www.w3.org\/TR\/REC-html40\/loose.dtd\">\n<html><body><div class=\"adn ads\">\n<div class=\"gs\">\n<div id=\":241\" class=\"ii gt adP adO\">\n<div id=\":23m\" class=\"a3s aXjCH m15a22cbc244075c9\">\n<div id=\"m_2492916838277511036yui_3_16_0_ym19_1_1486642086043_4656\">Varios focos de tormentas amenazaron las &aacute;reas cultivadas entre la jornada del mi&eacute;rcoles y esta madrugada. Debido a esto, el Sistema Integral de Lucha Antigranizo oper&oacute; en tres oasis productivos. En el Sur, los aviones trabajaron m&aacute;s de 18 horas. En el Noreste, la tarea se extendi&oacute; cuatro horas,&nbsp;y en el Valle de Uco, los generadores de superficie se encendieron tres horas.<\/div>\n<div id=\"m_2492916838277511036yui_3_16_0_ym19_1_1486642086043_4662\"><\/div>\n<div id=\"m_2492916838277511036yui_3_16_0_ym19_1_1486642086043_4665\"><span id=\"m_2492916838277511036yui_3_16_0_ym19_1_1486642086043_4666\" lang=\"ES-AR\">Las observaciones de radar indicaron precipitaciones de variada intensidad en todo el territorio provincial y granizo en algunos parajes.<\/span><\/div>\n<div id=\"m_2492916838277511036yui_3_16_0_ym19_1_1486642086043_4665\"><span lang=\"ES-AR\">&nbsp;<\/span><\/div>\n<div id=\"m_2492916838277511036yui_3_16_0_ym19_1_1486642086043_4668\"><span id=\"m_2492916838277511036yui_3_16_0_ym19_1_1486642086043_4669\" lang=\"ES-AR\">En el Noreste se observaron lluvias moderadas que afectaron a San Mart&iacute;n, en la Colonia Montecaseros; Rivadavia, en La Libertad, Los Campamentos, El Mirador y La Central; Santa Rosa:&nbsp;12 de Octubre, Santa Rosa, y Lavalle, en Jocol&iacute;, San Jos&eacute;, Costa de Araujo, El Carmen y Gustavo Andr&eacute;. Adem&aacute;s, granizo en Rivadavia: Los Campamentos, El Mirador, La Central, y Santa Rosa: sur de 12 de Octubre y Los Otoyanes.<\/span><\/div>\n<div id=\"m_2492916838277511036yui_3_16_0_ym19_1_1486642086043_4668\"><span lang=\"ES-AR\">&nbsp;<\/span><\/div>\n<div id=\"m_2492916838277511036yui_3_16_0_ym19_1_1486642086043_4671\"><span id=\"m_2492916838277511036yui_3_16_0_ym19_1_1486642086043_4672\" lang=\"ES-AR\">En el Valle de Uco, hubo lluvias moderadas en San Carlos, en Tres Esquinas, y Tunuy&aacute;n: Los &Aacute;rboles, Las Pintadas, Colonia Las Rosas, Villa Seca, El Totoral y Ciudad. Adem&aacute;s, se observ&oacute; granizo en &aacute;reas cultivadas de Tunuy&aacute;n: sur de Las Pintadas, Colonia Las Rosas, El Totoral y Ciudad.<\/span><\/div>\n<div><\/div>\n<div id=\"m_2492916838277511036yui_3_16_0_ym19_1_1486642086043_4674\"><span id=\"m_2492916838277511036yui_3_16_0_ym19_1_1486642086043_4675\" lang=\"ES-AR\">En el oasis Sur, se observaron lluvias intensas y granizo en &aacute;reas cultivadas de San Rafael: 25 de Mayo, Cuadro Benegas, Las Paredes, El Cerrito, Cuadro&nbsp; Nacional, Villa Atuel, Jaime Prats, Real del Padre. Tambi&eacute;n en General Alvear: norte de Ciudad, El Juncalito y Los Compartos. Adem&aacute;s, precipit&oacute; en &aacute;reas sin cultivo de ambos departamentos.<\/span><\/div>\n<div id=\"m_2492916838277511036yui_3_16_0_ym19_1_1486642086043_4674\"><\/div>\n<div id=\"m_2492916838277511036yui_3_16_0_ym19_1_1486642086043_4677\" dir=\"ltr\"><span id=\"m_2492916838277511036yui_3_16_0_ym19_1_1486642086043_4678\" lang=\"ES-AR\">Para la jornada de hoy se espera que contin&uacute;en las tormentas. El pron&oacute;stico elaborado por la Direcci&oacute;n de Agricultura y Contingencias Clim&aacute;ticas se&ntilde;ala tormentas de intensidad moderada a severa a partir de la tarde y siguiente madrugada en los tres oasis. La zona Este presentar&aacute; marcada inestabilidad durante la noche.<\/span><\/div>\n<\/div>\n<\/div>\n<\/div>\n<\/div>\n<\/body><\/html>\n","protected":false},"excerpt":{"rendered":"Un gran n\u00famero de c\u00e9lulas se observaron este mi\u00e9rcoles en todo el territorio provincial. Se registraron precipitaciones intensas en \u00e1reas cultivadas.\n","protected":false},"author":2,"featured_media":79885,"comment_status":"open","ping_status":"open","sticky":false,"template":"","format":"standard","meta":[],"categories":[1],"tags":[],"_links":{"self":[{"href":"https:\/\/www.mendoza.gov.ar\/prensa\/wp-json\/wp\/v2\/posts\/79883"}],"collection":[{"href":"https:\/\/www.mendoza.gov.ar\/prensa\/wp-json\/wp\/v2\/posts"}],"about":[{"href":"https:\/\/www.mendoza.gov.ar\/prensa\/wp-json\/wp\/v2\/types\/post"}],"author":[{"embeddable":true,"href":"https:\/\/www.mendoza.gov.ar\/prensa\/wp-json\/wp\/v2\/users\/2"}],"replies":[{"embeddable":true,"href":"https:\/\/www.mendoza.gov.ar\/prensa\/wp-json\/wp\/v2\/comments?post=79883"}],"version-history":[{"count":0,"href":"https:\/\/www.mendoza.gov.ar\/prensa\/wp-json\/wp\/v2\/posts\/79883\/revisions"}],"wp:featuredmedia":[{"embeddable":true,"href":"https:\/\/www.mendoza.gov.ar\/prensa\/wp-json\/wp\/v2\/media\/79885"}],"wp:attachment":[{"href":"https:\/\/www.mendoza.gov.ar\/prensa\/wp-json\/wp\/v2\/media?parent=79883"}],"wp:term":[{"taxonomy":"category","embeddable":true,"href":"https:\/\/www.mendoza.gov.ar\/prensa\/wp-json\/wp\/v2\/categories?post=79883"},{"taxonomy":"post_tag","embeddable":true,"href":"https:\/\/www.mendoza.gov.ar\/prensa\/wp-json\/wp\/v2\/tags?post=79883"}],"curies":[{"name":"wp","href":"https:\/\/api.w.org\/{rel}","templated":true}]}}