{"id":80170,"date":"2017-02-13T12:31:08","date_gmt":"2017-02-13T15:31:08","guid":{"rendered":"http:\/\/prensa.mendoza.gov.ar\/?p=80170"},"modified":"2017-02-13T12:31:08","modified_gmt":"2017-02-13T15:31:08","slug":"fondo-compensador-agricola-se-abonaran-pagos-del-2014-y-2015-a-contratistas-de-vina","status":"publish","type":"post","link":"https:\/\/www.mendoza.gov.ar\/prensa\/fondo-compensador-agricola-se-abonaran-pagos-del-2014-y-2015-a-contratistas-de-vina\/","title":{"rendered":"Fondo Compensador Agr\u00edcola: se abonar\u00e1n pagos del 2014 y 2015 a contratistas de vi\u00f1a"},"content":{"rendered":"<!DOCTYPE html PUBLIC \"-\/\/W3C\/\/DTD HTML 4.0 Transitional\/\/EN\" \"http:\/\/www.w3.org\/TR\/REC-html40\/loose.dtd\">\n<html><body><div id=\"m_7141904470306969397yui_3_16_0_ym19_1_1486988378560_27662\">El Ministerio de Econom&iacute;a, Infraestructura y Energ&iacute;a cancelar&aacute; pagos del Fondo Compensador Agr&iacute;cola de la temporada 2014-2015. Se trata de una deuda que la gesti&oacute;n anterior dej&oacute; pendiente y que afecta a 71 contratistas de vi&ntilde;a de San Mart&iacute;n, Santa Rosa, Jun&iacute;n, Rivadavia y San Rafael.<\/div>\n<div id=\"m_7141904470306969397yui_3_16_0_ym19_1_1486988378560_27671\"><span lang=\"ES-AR\">&nbsp;<\/span><\/div>\n<div id=\"m_7141904470306969397yui_3_16_0_ym19_1_1486988378560_27671\"><span id=\"m_7141904470306969397yui_3_16_0_ym19_1_1486988378560_27672\" lang=\"ES-AR\">Con la voluntad de cancelar las obligaciones asumidas, desde la Direcci&oacute;n de Agricultura y Contingencias Clim&aacute;ticas se trabaja para cancelar lo correspondiente a las campa&ntilde;as 2014-2015 y 2015-2016.<\/span><\/div>\n<div id=\"m_7141904470306969397yui_3_16_0_ym19_1_1486988378560_27674\"><span lang=\"ES-AR\">&nbsp;<\/span><\/div>\n<div id=\"m_7141904470306969397yui_3_16_0_ym19_1_1486988378560_27674\"><span id=\"m_7141904470306969397yui_3_16_0_ym19_1_1486988378560_27675\" lang=\"ES-AR\">Esta primera entrega abarca a los inscriptos al Fondo Compensador Agr&iacute;cola de la temporada 2014-2015, que administran cultivos en condici&oacute;n de contratistas.&nbsp;<\/span><\/div>\n<div><\/div>\n<div id=\"m_7141904470306969397yui_3_16_0_ym19_1_1486988378560_27674\">En total son 71 productores de los cuales&nbsp;15 corresponden a Jun&iacute;n, 9 a Rivadavia, 35 a San Mart&iacute;n, 8 a San Rafael y 2 a Santa Rosa.<\/div>\n<div><\/div>\n<div id=\"m_7141904470306969397yui_3_16_0_ym19_1_1486988378560_27677\" dir=\"ltr\">El monto que se utilizar&aacute; para cancelar esta deuda es de $377.119, se trata de liquidaciones que van de los $2.000 a los $11.000. El calendario de pagos comenzar&aacute; la pr&oacute;xima semana.<\/div>\n<\/body><\/html>\n","protected":false},"excerpt":{"rendered":"El Gobierno completar\u00e1 liquidaciones pendientes de dos temporadas anteriores por da\u00f1os de granizo y helada, que nunca abon\u00f3 la gesti\u00f3n de Francisco P\u00e9rez.","protected":false},"author":2,"featured_media":80172,"comment_status":"open","ping_status":"open","sticky":false,"template":"","format":"standard","meta":[],"categories":[1],"tags":[],"_links":{"self":[{"href":"https:\/\/www.mendoza.gov.ar\/prensa\/wp-json\/wp\/v2\/posts\/80170"}],"collection":[{"href":"https:\/\/www.mendoza.gov.ar\/prensa\/wp-json\/wp\/v2\/posts"}],"about":[{"href":"https:\/\/www.mendoza.gov.ar\/prensa\/wp-json\/wp\/v2\/types\/post"}],"author":[{"embeddable":true,"href":"https:\/\/www.mendoza.gov.ar\/prensa\/wp-json\/wp\/v2\/users\/2"}],"replies":[{"embeddable":true,"href":"https:\/\/www.mendoza.gov.ar\/prensa\/wp-json\/wp\/v2\/comments?post=80170"}],"version-history":[{"count":0,"href":"https:\/\/www.mendoza.gov.ar\/prensa\/wp-json\/wp\/v2\/posts\/80170\/revisions"}],"wp:featuredmedia":[{"embeddable":true,"href":"https:\/\/www.mendoza.gov.ar\/prensa\/wp-json\/wp\/v2\/media\/80172"}],"wp:attachment":[{"href":"https:\/\/www.mendoza.gov.ar\/prensa\/wp-json\/wp\/v2\/media?parent=80170"}],"wp:term":[{"taxonomy":"category","embeddable":true,"href":"https:\/\/www.mendoza.gov.ar\/prensa\/wp-json\/wp\/v2\/categories?post=80170"},{"taxonomy":"post_tag","embeddable":true,"href":"https:\/\/www.mendoza.gov.ar\/prensa\/wp-json\/wp\/v2\/tags?post=80170"}],"curies":[{"name":"wp","href":"https:\/\/api.w.org\/{rel}","templated":true}]}}