{"id":80520,"date":"2017-02-15T19:08:02","date_gmt":"2017-02-15T22:08:02","guid":{"rendered":"http:\/\/prensa.mendoza.gov.ar\/?p=80520"},"modified":"2017-02-15T19:08:02","modified_gmt":"2017-02-15T22:08:02","slug":"osep-y-la-sociedad-de-transporte-de-mendoza-firmaron-un-importante-convenio","status":"publish","type":"post","link":"https:\/\/www.mendoza.gov.ar\/prensa\/osep-y-la-sociedad-de-transporte-de-mendoza-firmaron-un-importante-convenio\/","title":{"rendered":"OSEP y la Sociedad de Transporte de Mendoza firmaron un importante convenio"},"content":{"rendered":"<!DOCTYPE html PUBLIC \"-\/\/W3C\/\/DTD HTML 4.0 Transitional\/\/EN\" \"http:\/\/www.w3.org\/TR\/REC-html40\/loose.dtd\">\n<html><body><p>Esta ma&ntilde;ana se reunieron en la sede central de la Obra Social de Empleados P&uacute;blicos (OSEP), el director&nbsp;general, Sergio Vergara, y el presidente de la Sociedad de Transporte de Mendoza, Leopoldo Cairone, con el fin de sellar un acuerdo que permitir&aacute; que 194 afiliados directos y sus grupos familiares contin&uacute;en con la obra social.<\/p>\n<p>De esta manera se formaliz&oacute; el compromiso que hab&iacute;a asumido el Gobierno en diciembre de mantener a estos empleados con la cobertura de OSEP, con todos los beneficios.<\/p>\n<p>La nueva Sociedad de Transporte de Mendoza Sociedad An&oacute;nima surgi&oacute; luego de la reestructuraci&oacute;n realizada con la ex Empresa Provincial de Transporte, a cargo de los troles y el metrotranv&iacute;a, a trav&eacute;s de la Ley 8944.<\/p>\n<\/body><\/html>\n","protected":false},"excerpt":{"rendered":"Se acord\u00f3 que los empleados de la nueva Sociedad de Transporte de la provincia continuar\u00e1n como afiliados de la Obra Social de Empleados P\u00fablicos.\n\n","protected":false},"author":2,"featured_media":0,"comment_status":"open","ping_status":"open","sticky":false,"template":"","format":"standard","meta":[],"categories":[30],"tags":[],"_links":{"self":[{"href":"https:\/\/www.mendoza.gov.ar\/prensa\/wp-json\/wp\/v2\/posts\/80520"}],"collection":[{"href":"https:\/\/www.mendoza.gov.ar\/prensa\/wp-json\/wp\/v2\/posts"}],"about":[{"href":"https:\/\/www.mendoza.gov.ar\/prensa\/wp-json\/wp\/v2\/types\/post"}],"author":[{"embeddable":true,"href":"https:\/\/www.mendoza.gov.ar\/prensa\/wp-json\/wp\/v2\/users\/2"}],"replies":[{"embeddable":true,"href":"https:\/\/www.mendoza.gov.ar\/prensa\/wp-json\/wp\/v2\/comments?post=80520"}],"version-history":[{"count":0,"href":"https:\/\/www.mendoza.gov.ar\/prensa\/wp-json\/wp\/v2\/posts\/80520\/revisions"}],"wp:attachment":[{"href":"https:\/\/www.mendoza.gov.ar\/prensa\/wp-json\/wp\/v2\/media?parent=80520"}],"wp:term":[{"taxonomy":"category","embeddable":true,"href":"https:\/\/www.mendoza.gov.ar\/prensa\/wp-json\/wp\/v2\/categories?post=80520"},{"taxonomy":"post_tag","embeddable":true,"href":"https:\/\/www.mendoza.gov.ar\/prensa\/wp-json\/wp\/v2\/tags?post=80520"}],"curies":[{"name":"wp","href":"https:\/\/api.w.org\/{rel}","templated":true}]}}