{"id":80767,"date":"2017-02-17T14:15:19","date_gmt":"2017-02-17T17:15:19","guid":{"rendered":"http:\/\/prensa.mendoza.gov.ar\/?p=80767"},"modified":"2017-02-17T14:15:19","modified_gmt":"2017-02-17T17:15:19","slug":"san-rafael-ya-emite-la-licencia-nacional-de-conducir","status":"publish","type":"post","link":"https:\/\/www.mendoza.gov.ar\/prensa\/san-rafael-ya-emite-la-licencia-nacional-de-conducir\/","title":{"rendered":"San Rafael ya emite la licencia nacional de conducir"},"content":{"rendered":"<!DOCTYPE html PUBLIC \"-\/\/W3C\/\/DTD HTML 4.0 Transitional\/\/EN\" \"http:\/\/www.w3.org\/TR\/REC-html40\/loose.dtd\">\n<html><body><p>Se inaugur&oacute; esta ma&ntilde;ana el Centro de Emisi&oacute;n de Licencia Nacional de Conducir en San Rafael. Participaron el intendente Emir F&eacute;lix; el director de la Agencia Nacional de Seguridad Vial, Carlos P&eacute;rez; el secretario de Servicios P&uacute;blicos, Sergio Marinelli, y el director de la Unidad Ejecutiva de Seguridad Vial (UESV), Leonardo Yapur.<\/p>\n<p>Este departamento se suma a los trabajos que ya vienen realizando en Tupungato, Las Heras, San Mart&iacute;n, Capital, Tunuy&aacute;n, Lavalle, Maip&uacute;, La Paz, Malarg&uuml;e, Godoy Cruz, Guaymall&eacute;n, Santa Rosa, San Carlos, General Alvear y Rivadavia. Adem&aacute;s, se abri&oacute; un CEL en la localidad de Uspallata para atender las necesidades de las personas de la zona de alta monta&ntilde;a que deb&iacute;an trasladarse m&aacute;s de 120 km para tramitar su licencia.<\/p>\n<p>La provincia trabaja con esta modalidad, en sinton&iacute;a con la Naci&oacute;n, desde 2014. Luj&aacute;n comenzar&aacute; a emitir licencias desde el lunes y s&oacute;lo restar&aacute; Jun&iacute;n para que el sistema funcione en todos los departamentos.<\/p>\n<p>&ldquo;En un a&ntilde;o estamos pr&oacute;ximos a que sea la primera provincia del pa&iacute;s que tenga en todo su territorio la licencia &uacute;nica de conducir. Esto realmente habla del compromiso que tiene este Gobierno para atender un tema tan delicado como la seguridad de las personas que transitan por el territorio nacional&rdquo;, expres&oacute; el director de la Agencia Nacional de Seguridad Vial, Carlos P&eacute;rez.<\/p>\n<p>Adem&aacute;s de la adhesi&oacute;n al sistema de las licencias, Mendoza comenzar&aacute; a utilizar la Red Nacional de Antecedentes de Tr&aacute;nsito. De esta manera, podr&aacute; acceder a informaci&oacute;n de otras provincias y municipios para saber cu&aacute;les son las multas y condenas que pesan sobre los conductores que han cometido faltas graves.<\/p>\n<p>Este sistema es un m&eacute;todo de control e informaci&oacute;n muy valioso para las autoridades, pero tambi&eacute;n para quienes circulan a diario por las calles de la ciudad y se enmarca en uno de los principales ejes del plan Movilidad Segura del Ministerio de Transporte.<\/p>\n<p>Sergio Marinelli declar&oacute;: &ldquo;Esto tiene que ver con la vida y con la obligaci&oacute;n del Estado de ayuda con&nbsp;pol&iacute;ticas claras a que no la perdamos. Este a&ntilde;o, en Mendoza tuvimos un buen indicadorde&nbsp;disminuci&oacute;n de muertes en accidentes de tr&aacute;nsito en el lugar, pero San Rafael no tuvo ese comportamiento. Incluso se increment&oacute; respecto del a&ntilde;o anterior, lo cual nos indica que las cosas est&aacute;n mal. Por lo tanto,_ tenemos que redoblar los esfuerzos&rdquo;.<\/p>\n<\/body><\/html>\n","protected":false},"excerpt":{"rendered":"Con el departamento sure\u00f1o ya son 17 los puntos habilitados para la emisi\u00f3n de la licencia nacional de conducir. Restar\u00eda solamente el departamento de Jun\u00edn para que se complete _este proceso.","protected":false},"author":2,"featured_media":80768,"comment_status":"open","ping_status":"open","sticky":false,"template":"","format":"standard","meta":[],"categories":[34],"tags":[],"_links":{"self":[{"href":"https:\/\/www.mendoza.gov.ar\/prensa\/wp-json\/wp\/v2\/posts\/80767"}],"collection":[{"href":"https:\/\/www.mendoza.gov.ar\/prensa\/wp-json\/wp\/v2\/posts"}],"about":[{"href":"https:\/\/www.mendoza.gov.ar\/prensa\/wp-json\/wp\/v2\/types\/post"}],"author":[{"embeddable":true,"href":"https:\/\/www.mendoza.gov.ar\/prensa\/wp-json\/wp\/v2\/users\/2"}],"replies":[{"embeddable":true,"href":"https:\/\/www.mendoza.gov.ar\/prensa\/wp-json\/wp\/v2\/comments?post=80767"}],"version-history":[{"count":0,"href":"https:\/\/www.mendoza.gov.ar\/prensa\/wp-json\/wp\/v2\/posts\/80767\/revisions"}],"wp:featuredmedia":[{"embeddable":true,"href":"https:\/\/www.mendoza.gov.ar\/prensa\/wp-json\/wp\/v2\/media\/80768"}],"wp:attachment":[{"href":"https:\/\/www.mendoza.gov.ar\/prensa\/wp-json\/wp\/v2\/media?parent=80767"}],"wp:term":[{"taxonomy":"category","embeddable":true,"href":"https:\/\/www.mendoza.gov.ar\/prensa\/wp-json\/wp\/v2\/categories?post=80767"},{"taxonomy":"post_tag","embeddable":true,"href":"https:\/\/www.mendoza.gov.ar\/prensa\/wp-json\/wp\/v2\/tags?post=80767"}],"curies":[{"name":"wp","href":"https:\/\/api.w.org\/{rel}","templated":true}]}}