{"id":80816,"date":"2017-02-18T09:00:47","date_gmt":"2017-02-18T12:00:47","guid":{"rendered":"http:\/\/prensa.mendoza.gov.ar\/?p=80816"},"modified":"2019-03-11T10:06:57","modified_gmt":"2019-03-11T13:06:57","slug":"unicipio-avanza-en-el-proceso-de-modernizacion-de-los-gobiernos-locales","status":"publish","type":"post","link":"https:\/\/www.mendoza.gov.ar\/prensa\/unicipio-avanza-en-el-proceso-de-modernizacion-de-los-gobiernos-locales\/","title":{"rendered":"Unicipio avanza en el proceso de modernizaci\u00f3n de los gobiernos locales"},"content":{"rendered":"<!DOCTYPE html PUBLIC \"-\/\/W3C\/\/DTD HTML 4.0 Transitional\/\/EN\" \"http:\/\/www.w3.org\/TR\/REC-html40\/loose.dtd\">\n<html><body><p>Bajo la coordinaci&oacute;n de la Subsecretar&iacute;a de Gesti&oacute;n P&uacute;blica y Modernizaci&oacute;n de la Provincia, se llev&oacute; a cabo una jornada de capacitaci&oacute;n en la Facultad de Ciencias Agrarias de la UNCuyo, en la que participaron representantes de los siete municipios que conforman Unicipio. El objetivo del encuentro fue tratar los procesos de modernizaci&oacute;n de los gobiernos locales.<\/p>\n<p>La coordinadora de UNICIPIO, Graciela Mart&iacute;, recalc&oacute;: &ldquo;Este encuentro tiene vital importancia tanto a nivel informativo, sobre los procesos de modernizaci&oacute;n del estado actuales, como a nivel de implementaci&oacute;n y gesti&oacute;n donde generamos un entorno en el que cada municipio puede compartir sus experiencias, proyectos e inquietudes en el &aacute;mbito de la modernizaci&oacute;n. Esto permitir&aacute;, a todos los integrantes de UNICIPIO avanzar de manera conjunta, coordinada y homog&eacute;nea&rdquo;.<\/p>\n<p>Durante la disertaci&oacute;n de Juan Ignacio Belbis, de la Subsecretar&iacute;a de Reforma Pol&iacute;tica del Ministerio de Gobierno de Buenos Aires, se trataron temas tales como &ldquo;estrategias e implementaci&oacute;n de pol&iacute;ticas de apertura y modernizaci&oacute;n a nivel local&rdquo;, &ldquo;el gobierno abierto como tendencia en la gesti&oacute;n p&uacute;blica&rdquo;, &ldquo;innovando desde el estado&rdquo; y &ldquo;los portales de datos abiertos y su impacto&rdquo;.<\/p>\n<p>Por su parte V&iacute;ctor Correas, director general de Inform&aacute;tica de la Provincia, present&oacute;, entre otros temas, los avances logrados en la implementaci&oacute;n del expediente electr&oacute;nico en Mendoza.<\/p>\n<p>En cierre de la jornada se procedi&oacute; a determinar la fecha del pr&oacute;ximo encuentro donde cada uno de los municipios involucrados presentar&aacute; sus pre-proyectos, necesidades y estado de avance de sus proyectos municipales en el &aacute;rea Modernizaci&oacute;n.<\/p>\n<p>&nbsp;<\/p>\n<\/body><\/html>\n","protected":false},"excerpt":{"rendered":"Los representantes de los municipios del Gran Mendoza debatieron sobre estrategias e implementaci\u00f3n de pol\u00edticas de apertura y modernizaci\u00f3n a nivel local, el gobierno abierto como tendencia en la gesti\u00f3n p\u00fablica y los avances del expediente electr\u00f3nico. ","protected":false},"author":2,"featured_media":80818,"comment_status":"open","ping_status":"open","sticky":false,"template":"","format":"standard","meta":[],"categories":[3,1792],"tags":[],"_links":{"self":[{"href":"https:\/\/www.mendoza.gov.ar\/prensa\/wp-json\/wp\/v2\/posts\/80816"}],"collection":[{"href":"https:\/\/www.mendoza.gov.ar\/prensa\/wp-json\/wp\/v2\/posts"}],"about":[{"href":"https:\/\/www.mendoza.gov.ar\/prensa\/wp-json\/wp\/v2\/types\/post"}],"author":[{"embeddable":true,"href":"https:\/\/www.mendoza.gov.ar\/prensa\/wp-json\/wp\/v2\/users\/2"}],"replies":[{"embeddable":true,"href":"https:\/\/www.mendoza.gov.ar\/prensa\/wp-json\/wp\/v2\/comments?post=80816"}],"version-history":[{"count":1,"href":"https:\/\/www.mendoza.gov.ar\/prensa\/wp-json\/wp\/v2\/posts\/80816\/revisions"}],"predecessor-version":[{"id":175747,"href":"https:\/\/www.mendoza.gov.ar\/prensa\/wp-json\/wp\/v2\/posts\/80816\/revisions\/175747"}],"wp:featuredmedia":[{"embeddable":true,"href":"https:\/\/www.mendoza.gov.ar\/prensa\/wp-json\/wp\/v2\/media\/80818"}],"wp:attachment":[{"href":"https:\/\/www.mendoza.gov.ar\/prensa\/wp-json\/wp\/v2\/media?parent=80816"}],"wp:term":[{"taxonomy":"category","embeddable":true,"href":"https:\/\/www.mendoza.gov.ar\/prensa\/wp-json\/wp\/v2\/categories?post=80816"},{"taxonomy":"post_tag","embeddable":true,"href":"https:\/\/www.mendoza.gov.ar\/prensa\/wp-json\/wp\/v2\/tags?post=80816"}],"curies":[{"name":"wp","href":"https:\/\/api.w.org\/{rel}","templated":true}]}}