{"id":81008,"date":"2017-02-20T10:22:00","date_gmt":"2017-02-20T13:22:00","guid":{"rendered":"http:\/\/prensa.mendoza.gov.ar\/?p=81008"},"modified":"2017-02-20T10:22:00","modified_gmt":"2017-02-20T13:22:00","slug":"corresponsabilidad-gremial-comienza-la-capacitacion-para-que-productores-adhieran-a-la-moratoria","status":"publish","type":"post","link":"https:\/\/www.mendoza.gov.ar\/prensa\/corresponsabilidad-gremial-comienza-la-capacitacion-para-que-productores-adhieran-a-la-moratoria\/","title":{"rendered":"Corresponsabilidad gremial: capacitan a productores para que adhieran a la moratoria"},"content":{"rendered":"<!DOCTYPE html PUBLIC \"-\/\/W3C\/\/DTD HTML 4.0 Transitional\/\/EN\" \"http:\/\/www.w3.org\/TR\/REC-html40\/loose.dtd\">\n<html><body><div id=\"m_-8569840470676841508yiv4478576274yui_3_16_0_ym19_1_1487347670040_17441\">Ante las reiteradas consultas recibidas de los productores vitivin&iacute;colas para la adhesi&oacute;n a la moratoria del Convenio de Corresponsabilidad Gremial, un equipo de especialistas dispuesto por el Ministerio de Econom&iacute;a, Infraestructura y Energ&iacute;a brindar&aacute; una serie de capacitaciones para explicar los beneficios del plan y la forma de suscribir.<\/div>\n<div id=\"m_-8569840470676841508yiv4478576274yui_3_16_0_ym19_1_1487347670040_17448\"><span lang=\"ES-AR\">&nbsp;<\/span><\/div>\n<div id=\"m_-8569840470676841508yiv4478576274yui_3_16_0_ym19_1_1487347670040_17451\"><span id=\"m_-8569840470676841508yiv4478576274yui_3_16_0_ym19_1_1487347670040_17452\" lang=\"ES-AR\">Las jornadas informativas estar&aacute;n a cargo de <span id=\"m_-8569840470676841508yiv4478576274yui_3_16_0_ym19_1_1487347670040_17453\">Gladys Valles&nbsp;y Florencia Balbini, de la Administraci&oacute;n Federal de Ingresos P&uacute;blicos (AFIP) Regional Cuyo, y de representantes de la Delegaci&oacute;n Cuyo del Ministerio de Empleo de la<\/span> <span id=\"m_-8569840470676841508yiv4478576274yui_3_16_0_ym19_1_1487347670040_17454\">Naci&oacute;n, de la Coordinaci&oacute;n de Corresponsabilidad Gremial del Instituto Nacional de Vitivinicultura (INV) y<\/span> <span id=\"m_-8569840470676841508yiv4478576274yui_3_16_0_ym19_1_1487347670040_17455\">de la Direcci&oacute;n de Agricultura Familiar de Mendoza.<\/span><br id=\"m_-8569840470676841508yiv4478576274yui_3_16_0_ym19_1_1487347670040_17456\"><br id=\"m_-8569840470676841508yiv4478576274yui_3_16_0_ym19_1_1487347670040_17457\"><span id=\"m_-8569840470676841508yiv4478576274yui_3_16_0_ym19_1_1487347670040_17458\">El martes 21, a las 18, en el hotel Turismo de Tupungato, se dictar&aacute; para el Valle de Uco, y el mi&eacute;rcoles&nbsp;23, a la misma hora, se realizar&aacute; en la Casa del Bicentenario, La Colonia, Jun&iacute;n, para los productores del oasis Este.<\/span><\/span><\/div>\n<div id=\"m_-8569840470676841508yiv4478576274yui_3_16_0_ym19_1_1487347670040_17451\"><span lang=\"ES-AR\">&nbsp;<\/span><\/div>\n<div id=\"m_-8569840470676841508yiv4478576274yui_3_16_0_ym19_1_1487347670040_17460\"><span id=\"m_-8569840470676841508yiv4478576274yui_3_16_0_ym19_1_1487347670040_17461\" lang=\"ES-AR\">La asistencia de los productores o sus respectivos contadores es de vital importancia para comprender los alcances de la nueva disposici&oacute;n y las formas de adhesi&oacute;n que rige hasta el 31 de marzo.<\/span><\/div>\n<div id=\"m_-8569840470676841508yiv4478576274yui_3_16_0_ym19_1_1487347670040_17460\"><span lang=\"ES-AR\">&nbsp;<\/span><\/div>\n<div id=\"m_-8569840470676841508yiv4478576274yui_3_16_0_ym19_1_1487347670040_17463\"><span id=\"m_-8569840470676841508yiv4478576274yui_3_16_0_ym19_1_1487347670040_17464\" lang=\"ES-AR\">La pol&iacute;tica moratoria dispuesta por el Gobierno beneficia a m&aacute;s de 6.000 productores vitivin&iacute;colas que poseen deudas por la tarifa sustitutiva del Convenio de Corresponsabilidad Gremial durante los per&iacute;odos 2012-2013-2014-2015.<\/span><\/div>\n<div id=\"m_-8569840470676841508yiv4478576274yui_3_16_0_ym19_1_1487347670040_17463\"><span lang=\"ES-AR\">&nbsp;<\/span><\/div>\n<div id=\"m_-8569840470676841508yiv4478576274yui_3_16_0_ym19_1_1487347670040_17466\"><span id=\"m_-8569840470676841508yiv4478576274yui_3_16_0_ym19_1_1487347670040_17467\" lang=\"ES-AR\">De adheri, todos los que se encuentran en mora, se liberar&iacute;an 18 millones de litros de vino retenido en bodegas.<\/span><\/div>\n<div id=\"m_-8569840470676841508yiv4478576274yui_3_16_0_ym19_1_1487347670040_17466\"><span lang=\"ES-AR\">&nbsp;<\/span><\/div>\n<div id=\"m_-8569840470676841508yiv4478576274yui_3_16_0_ym19_1_1487347670040_17469\"><b id=\"m_-8569840470676841508yiv4478576274yui_3_16_0_ym19_1_1487347670040_17470\">Formas de cancelaci&oacute;n<\/b><\/div>\n<div id=\"m_-8569840470676841508yiv4478576274yui_3_16_0_ym19_1_1487347670040_17469\"><b>&nbsp;<\/b><\/div>\n<div id=\"m_-8569840470676841508yiv4478576274yui_3_16_0_ym19_1_1487347670040_17472\"><span id=\"m_-8569840470676841508yiv4478576274yui_3_16_0_ym19_1_1487347670040_17473\" lang=\"ES-AR\">Una vez que el productor reciba una carta invit&aacute;ndolo a adherir a la moratoria, podr&aacute; cancelarla de las siguientes formas:<\/span><\/div>\n<div><\/div>\n<div id=\"m_-8569840470676841508yiv4478576274yui_3_16_0_ym19_1_1487347670040_17474\"><span id=\"m_-8569840470676841508yiv4478576274yui_3_16_0_ym19_1_1487347670040_17475\" lang=\"ES-AR\">&ndash;<span id=\"m_-8569840470676841508yiv4478576274yui_3_16_0_ym19_1_1487347670040_17476\">&nbsp;&nbsp;&nbsp;&nbsp;&nbsp;&nbsp;&nbsp;&nbsp;&nbsp; <\/span><\/span><span id=\"m_-8569840470676841508yiv4478576274yui_3_16_0_ym19_1_1487347670040_17477\" lang=\"ES-AR\">Pago contado con una reducci&oacute;n del 15% de la deuda.<\/span><\/div>\n<div id=\"m_-8569840470676841508yiv4478576274yui_3_16_0_ym19_1_1487347670040_17478\"><span id=\"m_-8569840470676841508yiv4478576274yui_3_16_0_ym19_1_1487347670040_17479\" lang=\"ES-AR\">&ndash;<span id=\"m_-8569840470676841508yiv4478576274yui_3_16_0_ym19_1_1487347670040_17480\">&nbsp;&nbsp;&nbsp;&nbsp;&nbsp;&nbsp;&nbsp;&nbsp;&nbsp; <\/span><\/span><span id=\"m_-8569840470676841508yiv4478576274yui_3_16_0_ym19_1_1487347670040_17481\" lang=\"ES-AR\">Pago a cuenta del 5% de la deuda y el saldo restante hasta en 60 cuotas con inter&eacute;s mensual del 1,5%.<\/span><\/div>\n<div id=\"m_-8569840470676841508yiv4478576274yui_3_16_0_ym19_1_1487347670040_17482\"><span id=\"m_-8569840470676841508yiv4478576274yui_3_16_0_ym19_1_1487347670040_17483\" lang=\"ES-AR\">&ndash;<span id=\"m_-8569840470676841508yiv4478576274yui_3_16_0_ym19_1_1487347670040_17484\">&nbsp;&nbsp;&nbsp;&nbsp;&nbsp;&nbsp;&nbsp;&nbsp;&nbsp; <\/span><\/span><span id=\"m_-8569840470676841508yiv4478576274yui_3_16_0_ym19_1_1487347670040_17485\" lang=\"ES-AR\">Las medianas empresas y los grandes contribuyentes podr&aacute;n ingresar un pago a cuenta equivalente al 15% de la deuda y el saldo hasta 90 cuotas, con n inter&eacute;s del 1,5%.<\/span><\/div>\n<div id=\"m_-8569840470676841508yiv4478576274yui_3_16_0_ym19_1_1487347670040_17486\"><span id=\"m_-8569840470676841508yiv4478576274yui_3_16_0_ym19_1_1487347670040_17487\" lang=\"ES-AR\">&ndash;<span id=\"m_-8569840470676841508yiv4478576274yui_3_16_0_ym19_1_1487347670040_17488\">&nbsp;&nbsp;&nbsp;&nbsp;&nbsp;&nbsp;&nbsp;&nbsp;&nbsp; <\/span><\/span><span id=\"m_-8569840470676841508yiv4478576274yui_3_16_0_ym19_1_1487347670040_17489\" lang=\"ES-AR\">Para los contribuyentes que al 23 de julio de 2016 se encuentren alcanzados por las declaraciones de emergencia y\/o desastre agropecuario, el plan ser&aacute; de hasta 90 cuotas, con inter&eacute;s del 1% mensual.<\/span><\/div>\n<div id=\"m_-8569840470676841508yiv4478576274yui_3_16_0_ym19_1_1487347670040_17317\">&nbsp;<span id=\"m_-8569840470676841508yiv4478576274yui_3_16_0_ym19_1_1487347670040_17491\" lang=\"ES-AR\">&ndash;<span id=\"m_-8569840470676841508yiv4478576274yui_3_16_0_ym19_1_1487347670040_17492\">&nbsp;&nbsp;&nbsp;&nbsp;&nbsp;&nbsp;&nbsp;&nbsp;&nbsp; <\/span><\/span><span id=\"m_-8569840470676841508yiv4478576274yui_3_16_0_ym19_1_1487347670040_17493\" lang=\"ES-AR\">El plan admite la cancelaci&oacute;n anticipada.<\/span><\/div>\n<\/body><\/html>\n","protected":false},"excerpt":{"rendered":"T\u00e9cnicos de la AFIP, el INV y el Gobierno de Mendoza explicar\u00e1n los alcances del plan y la forma de suscripci\u00f3n. La adhesi\u00f3n permitir\u00e1 que los productores pueden comercializar unos 18 millones de litros de vino.","protected":false},"author":2,"featured_media":81009,"comment_status":"open","ping_status":"open","sticky":false,"template":"","format":"standard","meta":[],"categories":[1],"tags":[],"_links":{"self":[{"href":"https:\/\/www.mendoza.gov.ar\/prensa\/wp-json\/wp\/v2\/posts\/81008"}],"collection":[{"href":"https:\/\/www.mendoza.gov.ar\/prensa\/wp-json\/wp\/v2\/posts"}],"about":[{"href":"https:\/\/www.mendoza.gov.ar\/prensa\/wp-json\/wp\/v2\/types\/post"}],"author":[{"embeddable":true,"href":"https:\/\/www.mendoza.gov.ar\/prensa\/wp-json\/wp\/v2\/users\/2"}],"replies":[{"embeddable":true,"href":"https:\/\/www.mendoza.gov.ar\/prensa\/wp-json\/wp\/v2\/comments?post=81008"}],"version-history":[{"count":0,"href":"https:\/\/www.mendoza.gov.ar\/prensa\/wp-json\/wp\/v2\/posts\/81008\/revisions"}],"wp:featuredmedia":[{"embeddable":true,"href":"https:\/\/www.mendoza.gov.ar\/prensa\/wp-json\/wp\/v2\/media\/81009"}],"wp:attachment":[{"href":"https:\/\/www.mendoza.gov.ar\/prensa\/wp-json\/wp\/v2\/media?parent=81008"}],"wp:term":[{"taxonomy":"category","embeddable":true,"href":"https:\/\/www.mendoza.gov.ar\/prensa\/wp-json\/wp\/v2\/categories?post=81008"},{"taxonomy":"post_tag","embeddable":true,"href":"https:\/\/www.mendoza.gov.ar\/prensa\/wp-json\/wp\/v2\/tags?post=81008"}],"curies":[{"name":"wp","href":"https:\/\/api.w.org\/{rel}","templated":true}]}}