{"id":81036,"date":"2017-02-20T15:24:20","date_gmt":"2017-02-20T18:24:20","guid":{"rendered":"http:\/\/prensa.mendoza.gov.ar\/?p=81036"},"modified":"2017-02-20T15:24:20","modified_gmt":"2017-02-20T18:24:20","slug":"recomendaciones-a-tener-en-cuenta-para-contratar-un-transporte-escolar","status":"publish","type":"post","link":"https:\/\/www.mendoza.gov.ar\/prensa\/recomendaciones-a-tener-en-cuenta-para-contratar-un-transporte-escolar\/","title":{"rendered":"Recomendaciones a tener en cuenta para contratar un transporte escolar"},"content":{"rendered":"<!DOCTYPE html PUBLIC \"-\/\/W3C\/\/DTD HTML 4.0 Transitional\/\/EN\" \"http:\/\/www.w3.org\/TR\/REC-html40\/loose.dtd\">\n<html><body><p>Se acerca el inicio de clases y los padres comienzan a buscar un transporte escolar para que sus hijos se trasladen diariamente al colegio.<\/p>\n<p>La Direcci&oacute;n de Transporte informa cu&aacute;les son los requisitos que deben cumplir las unidades utilizadas para prestar este servicio:<\/p>\n<p>El veh&iacute;culo debe estar pintado de blanco, en la parte superior, y anaranjado, en la inferior.<\/p>\n<p>Debe tener impreso el n&uacute;mero de aditamento.<\/p>\n<p>Todos los asientos deben tener cintur&oacute;n de seguridad.<\/p>\n<p>Debe tener pintado la capacidad m&aacute;xima de ni&ntilde;os que puede transportar.<\/p>\n<p>En el parabrisas debe figurar la oblea de revisi&oacute;n t&eacute;cnica.<\/p>\n<p>El chofer debe contar con licencia de conducir profesional.<\/p>\n<p>El veh&iacute;culo debe contar con el certificado de desinfecci&oacute;n.<\/p>\n<p>Debe contar con el permiso de explotaci&oacute;n otorgado por la Direcci&oacute;n de Transporte.<\/p>\n<p>Para realizar consultas, los interesados disponen de la l&iacute;nea 0800-999-2001. Tambi&eacute;n se puede solicitar informaci&oacute;n a trav&eacute;s de Twitter a @SspublicosMza o Facebook, en Secretar&iacute;a de Servicios P&uacute;blicos.<\/p>\n<\/body><\/html>\n","protected":false},"excerpt":{"rendered":"Que los veh\u00edculos cumplan con los requisitos exigidos por la Direcci\u00f3n de Transporte permitir\u00e1 que los ni\u00f1os viajen seguros.","protected":false},"author":2,"featured_media":81037,"comment_status":"open","ping_status":"open","sticky":false,"template":"","format":"standard","meta":[],"categories":[34],"tags":[],"_links":{"self":[{"href":"https:\/\/www.mendoza.gov.ar\/prensa\/wp-json\/wp\/v2\/posts\/81036"}],"collection":[{"href":"https:\/\/www.mendoza.gov.ar\/prensa\/wp-json\/wp\/v2\/posts"}],"about":[{"href":"https:\/\/www.mendoza.gov.ar\/prensa\/wp-json\/wp\/v2\/types\/post"}],"author":[{"embeddable":true,"href":"https:\/\/www.mendoza.gov.ar\/prensa\/wp-json\/wp\/v2\/users\/2"}],"replies":[{"embeddable":true,"href":"https:\/\/www.mendoza.gov.ar\/prensa\/wp-json\/wp\/v2\/comments?post=81036"}],"version-history":[{"count":0,"href":"https:\/\/www.mendoza.gov.ar\/prensa\/wp-json\/wp\/v2\/posts\/81036\/revisions"}],"wp:featuredmedia":[{"embeddable":true,"href":"https:\/\/www.mendoza.gov.ar\/prensa\/wp-json\/wp\/v2\/media\/81037"}],"wp:attachment":[{"href":"https:\/\/www.mendoza.gov.ar\/prensa\/wp-json\/wp\/v2\/media?parent=81036"}],"wp:term":[{"taxonomy":"category","embeddable":true,"href":"https:\/\/www.mendoza.gov.ar\/prensa\/wp-json\/wp\/v2\/categories?post=81036"},{"taxonomy":"post_tag","embeddable":true,"href":"https:\/\/www.mendoza.gov.ar\/prensa\/wp-json\/wp\/v2\/tags?post=81036"}],"curies":[{"name":"wp","href":"https:\/\/api.w.org\/{rel}","templated":true}]}}