{"id":81066,"date":"2017-02-21T08:16:22","date_gmt":"2017-02-21T11:16:22","guid":{"rendered":"http:\/\/prensa.mendoza.gov.ar\/?p=81066"},"modified":"2017-02-21T08:16:22","modified_gmt":"2017-02-21T11:16:22","slug":"ciclo-de-talleres-para-adultos-mayores-2017","status":"publish","type":"post","link":"https:\/\/www.mendoza.gov.ar\/prensa\/ciclo-de-talleres-para-adultos-mayores-2017\/","title":{"rendered":"Ciclo de talleres para Adultos Mayores 2017"},"content":{"rendered":"<!DOCTYPE html PUBLIC \"-\/\/W3C\/\/DTD HTML 4.0 Transitional\/\/EN\" \"http:\/\/www.w3.org\/TR\/REC-html40\/loose.dtd\">\n<html><body><div id=\"m_-1640737916069597045yiv5042638577yui_3_16_0_ym19_1_1487618765242_5671\">Con la finalizaci&oacute;n del verano, tambi&eacute;n culmina el descanso para muchas actividades regulares de la Obra Social de Empleados P&uacute;blicos (OSEP). Es el caso de los talleres que promueve el &aacute;rea dedicada a fomentar un envejecimiento saludable y activo,&nbsp;coordinada por Viviana Lasagni. Las actividades se desarrollan en el edificio Xeltahuina, Salta 877, Ciudad de Mendoza.<\/div>\n<div id=\"m_-1640737916069597045yiv5042638577yui_3_16_0_ym19_1_1487618765242_5683\"><\/div>\n<div id=\"m_-1640737916069597045yiv5042638577yui_3_16_0_ym19_1_1487618765242_5685\">El <span id=\"m_-1640737916069597045yiv5042638577yui_3_16_0_ym19_1_1487618765242_5686\">6 de marzo&nbsp;e<\/span>s la fecha elegida para el inicio de&nbsp;todas las actividades que, de la mano de la doctora Paula Fachinelli y un equipo interdisciplinario de profesionales de OSEP, brindan a nuestros adultos mayores la posibilidad de realizar actividades fuera de la rutina y relacionarse con otras personas con las mismas inquietudes. Adem&aacute;s, estos talleres proponen ser puntos de encuentro para socializar y nunca dejar de aprender nuevas cosas.<\/div>\n<div id=\"m_-1640737916069597045yiv5042638577yui_3_16_0_ym19_1_1487618765242_5688\"><\/div>\n<div id=\"m_-1640737916069597045yiv5042638577yui_3_16_0_ym19_1_1487618765242_5690\">Los interesados podr&aacute;n inscribirse en Rondeau 332 o llamando al 4615105.<\/div>\n<div id=\"m_-1640737916069597045yiv5042638577yui_3_16_0_ym19_1_1487618765242_5691\"><\/div>\n<div id=\"m_-1640737916069597045yiv5042638577yui_3_16_0_ym19_1_1487618765242_5693\"><b id=\"m_-1640737916069597045yiv5042638577yui_3_16_0_ym19_1_1487618765242_5694\">Los talleres<\/b><\/div>\n<div id=\"m_-1640737916069597045yiv5042638577yui_3_16_0_ym19_1_1487618765242_5695\"><\/div>\n<div id=\"m_-1640737916069597045yiv5042638577yui_3_16_0_ym19_1_1487618765242_5697\">T&eacute;cnicas de relajaci&oacute;n: <span id=\"m_-1640737916069597045yiv5042638577yui_3_16_0_ym19_1_1487618765242_5698\">Lunes <\/span>de 9.30 a 12.<\/div>\n<div id=\"m_-1640737916069597045yiv5042638577yui_3_16_0_ym19_1_1487618765242_5699\">Prevenci&oacute;n de ca&iacute;das: <span id=\"m_-1640737916069597045yiv5042638577yui_3_16_0_ym19_1_1487618765242_5700\">Martes <\/span>de 9 a 10.30.<\/div>\n<div id=\"m_-1640737916069597045yiv5042638577yui_3_16_0_ym19_1_1487618765242_5701\">Prevenci&oacute;n de v&eacute;rtigo y mareos: primer y tercer m<span id=\"m_-1640737916069597045yiv5042638577yui_3_16_0_ym19_1_1487618765242_5702\">artes<\/span> de cada mes, a las 10.<\/div>\n<div id=\"m_-1640737916069597045yiv5042638577yui_3_16_0_ym19_1_1487618765242_5703\">Envejecimiento exitoso: <span id=\"m_-1640737916069597045yiv5042638577yui_3_16_0_ym19_1_1487618765242_5704\">Martes <\/span>de 10.30 a 12.30.<\/div>\n<div id=\"m_-1640737916069597045yiv5042638577yui_3_16_0_ym19_1_1487618765242_5705\">Estimulaci&oacute;n cognitiva-Memoria: <span id=\"m_-1640737916069597045yiv5042638577yui_3_16_0_ym19_1_1487618765242_5706\">Mi<\/span>&eacute;rcoles de 11 a 13.<\/div>\n<div id=\"m_-1640737916069597045yiv5042638577yui_3_16_0_ym19_1_1487618765242_5707\">Nutrici&oacute;n y h&aacute;bitos saludables: <span id=\"m_-1640737916069597045yiv5042638577yui_3_16_0_ym19_1_1487618765242_5708\">Mi<\/span>&eacute;rcoles de 9 a 11. (Disponible en todas las sedes).<\/div>\n<div id=\"m_-1640737916069597045yiv5042638577yui_3_16_0_ym19_1_1487618765242_5709\">Relaciones familiares. Nuevos v&iacute;nculos: primer y segundo&nbsp;j<span id=\"m_-1640737916069597045yiv5042638577yui_3_16_0_ym19_1_1487618765242_5710\">ueves<\/span> de cada mes de 9.30 a 11.<\/div>\n<div id=\"m_-1640737916069597045yiv5042638577yui_3_16_0_ym19_1_1487618765242_5711\">Taller de los sentidos (salud auditiva, visual, t&aacute;ctil, bucal y olfativa): m<span id=\"m_-1640737916069597045yiv5042638577yui_3_16_0_ym19_1_1487618765242_5712\">artes<\/span>&nbsp;de 9.30 a 11.30.<\/div>\n<div id=\"m_-1640737916069597045yiv5042638577yui_3_16_0_ym19_1_1487618765242_5713\">Taller de Internet.<\/div>\n<div id=\"m_-1640737916069597045yiv5042638577yui_3_16_0_ym19_1_1487618765242_5714\">Cine Debate: segundo m<span id=\"m_-1640737916069597045yiv5042638577yui_3_16_0_ym19_1_1487618765242_5715\">artes<\/span> de cada mes, a las 10.<\/div>\n<div id=\"m_-1640737916069597045yiv5042638577yui_3_16_0_ym19_1_1487618765242_5716\">Reuni&oacute;n con centros de jubilados: segundo j<span id=\"m_-1640737916069597045yiv5042638577yui_3_16_0_ym19_1_1487618765242_5717\">ueves<\/span> de cada mes, a las 9.30.<\/div>\n<div id=\"m_-1640737916069597045yiv5042638577yui_3_16_0_ym19_1_1487618765242_5718\">Actividad socio-recreativa mensual: cuarto m<span id=\"m_-1640737916069597045yiv5042638577yui_3_16_0_ym19_1_1487618765242_5719\">artes<\/span> de cada mes.<\/div>\n<div id=\"m_-1640737916069597045yiv5042638577yui_3_16_0_ym19_1_1487618765242_5720\">Taller literario de estimulaci&oacute;n cognitiva: tercer y cuarto&nbsp;<span id=\"m_-1640737916069597045yiv5042638577yui_3_16_0_ym19_1_1487618765242_5721\">jueves<\/span> de cada mes de 9.30 a 11.<\/div>\n<div id=\"m_-1640737916069597045yiv5042638577yui_3_16_0_ym19_1_1487618765242_5722\">Actividades socioculturales: exposici&oacute;n de cuadros, pinturas, esculturas, etc.<\/div>\n<div id=\"m_-1640737916069597045yiv5042638577yui_3_16_0_ym19_1_1487618765242_5723\">Canto y coro: m<span id=\"m_-1640737916069597045yiv5042638577yui_3_16_0_ym19_1_1487618765242_5724\">artes<\/span> y j<span id=\"m_-1640737916069597045yiv5042638577yui_3_16_0_ym19_1_1487618765242_5725\">ueves <\/span>de 18 a 20.<\/div>\n<\/body><\/html>\n","protected":false},"excerpt":{"rendered":"El pr\u00f3ximo 6 de marzo, el Departamento de Gesti\u00f3n de Pol\u00edticas P\u00fablicas para el Adulto Mayor de OSEP comezar\u00e1 un nuevo ciclo de\u00a0 actividades que se extender\u00e1n hasta diciembre y que se llevar\u00e1n a cabo en el edificio Xeltahuina, Salta 877, Ciudad. \n","protected":false},"author":2,"featured_media":81072,"comment_status":"open","ping_status":"open","sticky":false,"template":"","format":"standard","meta":[],"categories":[30],"tags":[],"_links":{"self":[{"href":"https:\/\/www.mendoza.gov.ar\/prensa\/wp-json\/wp\/v2\/posts\/81066"}],"collection":[{"href":"https:\/\/www.mendoza.gov.ar\/prensa\/wp-json\/wp\/v2\/posts"}],"about":[{"href":"https:\/\/www.mendoza.gov.ar\/prensa\/wp-json\/wp\/v2\/types\/post"}],"author":[{"embeddable":true,"href":"https:\/\/www.mendoza.gov.ar\/prensa\/wp-json\/wp\/v2\/users\/2"}],"replies":[{"embeddable":true,"href":"https:\/\/www.mendoza.gov.ar\/prensa\/wp-json\/wp\/v2\/comments?post=81066"}],"version-history":[{"count":0,"href":"https:\/\/www.mendoza.gov.ar\/prensa\/wp-json\/wp\/v2\/posts\/81066\/revisions"}],"wp:featuredmedia":[{"embeddable":true,"href":"https:\/\/www.mendoza.gov.ar\/prensa\/wp-json\/wp\/v2\/media\/81072"}],"wp:attachment":[{"href":"https:\/\/www.mendoza.gov.ar\/prensa\/wp-json\/wp\/v2\/media?parent=81066"}],"wp:term":[{"taxonomy":"category","embeddable":true,"href":"https:\/\/www.mendoza.gov.ar\/prensa\/wp-json\/wp\/v2\/categories?post=81066"},{"taxonomy":"post_tag","embeddable":true,"href":"https:\/\/www.mendoza.gov.ar\/prensa\/wp-json\/wp\/v2\/tags?post=81066"}],"curies":[{"name":"wp","href":"https:\/\/api.w.org\/{rel}","templated":true}]}}