{"id":81192,"date":"2017-02-22T12:14:36","date_gmt":"2017-02-22T15:14:36","guid":{"rendered":"http:\/\/prensa.mendoza.gov.ar\/?p=81192"},"modified":"2017-02-22T12:14:36","modified_gmt":"2017-02-22T15:14:36","slug":"economia-pone-enfasis-en-la-creacion-de-nuevos-centros-comerciales-a-cielo-abierto","status":"publish","type":"post","link":"https:\/\/www.mendoza.gov.ar\/prensa\/economia-pone-enfasis-en-la-creacion-de-nuevos-centros-comerciales-a-cielo-abierto\/","title":{"rendered":"Econom\u00eda pone \u00e9nfasis en la creaci\u00f3n de centros comerciales a cielo abierto"},"content":{"rendered":"<!DOCTYPE html PUBLIC \"-\/\/W3C\/\/DTD HTML 4.0 Transitional\/\/EN\" \"http:\/\/www.w3.org\/TR\/REC-html40\/loose.dtd\">\n<html><body><div id=\":234\" class=\"ii gt adP adO\">\n<div id=\":23n\" class=\"a3s aXjCH m15a6645d7fef8d84\">\n<div id=\"m_3737307996605756573yui_3_16_0_ym19_1_1487771568370_18420\" class=\"m_3737307996605756573yahoo_quoted\">\n<div id=\"m_3737307996605756573yui_3_16_0_ym19_1_1487771568370_18419\">\n<div id=\"m_3737307996605756573yui_3_16_0_ym19_1_1487771568370_18418\">\n<div id=\"m_3737307996605756573yui_3_16_0_ym19_1_1487771568370_18422\" class=\"m_3737307996605756573y_msg_container\">\n<div id=\"m_3737307996605756573yiv1748761635\">\n<div id=\"m_3737307996605756573yui_3_16_0_ym19_1_1487771568370_18436\" dir=\"ltr\">\n<div id=\"m_3737307996605756573yiv1748761635divtagdefaultwrapper\" dir=\"ltr\">\n<div id=\"m_3737307996605756573yui_3_16_0_ym19_1_1487771568370_18435\">Un equipo del Instituto de Desarrollo Comercial (IDC), dependiente del Ministerio de Econom&iacute;a, Infraestructura y Energ&iacute;a, viaj&oacute; a Santa Fe para conocer de cerca la experiencia de los m&aacute;s de 8 mil comercios nucleados en 29 superficies comerciales distribuidas en los seis&nbsp;distritos de la ciudad de Rosario.<\/div>\n<div id=\"m_3737307996605756573yui_3_16_0_ym19_1_1487771568370_18576\"><\/div>\n<div id=\"m_3737307996605756573yui_3_16_0_ym19_1_1487771568370_18578\"><span id=\"m_3737307996605756573yui_3_16_0_ym19_1_1487771568370_18577\">Durante la visita se concretaron reuniones con el secretario de Producci&oacute;n y Desarrollo local, Ignacio Del Vecchio; Ian Sweeny, del &aacute;rea de financiamiento y asesoramiento econ&oacute;mico de la Direcci&oacute;n General de Industria; Cristian Bergmann, del programa de fortalecimiento de centros comerciales a cielo abierto (CCCA); Mart&iacute;n Santos, coordinador de la Secretar&iacute;a de Producci&oacute;n, y Cristian Blodorn, miembro de la comisi&oacute;n directiva del Paseo Puerto Norte, una de las experiencias en CCCA de la comuna.<\/span><\/div>\n<div id=\"m_3737307996605756573yui_3_16_0_ym19_1_1487771568370_18579\"><\/div>\n<div id=\"m_3737307996605756573yui_3_16_0_ym19_1_1487771568370_18581\"><span id=\"m_3737307996605756573yui_3_16_0_ym19_1_1487771568370_18580\">&ldquo;Desde nuestra cartera brindamos el asesoramiento necesario y ponemos a disposici&oacute;n parte de nuestro equipo para crear y dar formalidad a estos espacios comerciales&rdquo;, remarc&oacute; Del Vecchio.<\/span><\/div>\n<div><\/div>\n<div><strong>Revitalizando espacios<\/strong><\/div>\n<div id=\"m_3737307996605756573yui_3_16_0_ym19_1_1487771568370_18582\"><\/div>\n<div id=\"m_3737307996605756573yui_3_16_0_ym19_1_1487771568370_18584\"><span id=\"m_3737307996605756573yui_3_16_0_ym19_1_1487771568370_18583\">Juan Retali, asesor del IDC, coment&oacute;: &ldquo;Hemos observado &nbsp;un gran compromiso de todas las partes involucradas en la actividad. Desde el Ejecutivo se incentiva en el comerciante el asociativismo y la formalizaci&oacute;n de la actividad. Desde el sector privado, se fomenta la cooperaci&oacute;n mutua en la generaci&oacute;n de acciones de promoci&oacute;n, difusi&oacute;n y revitalizaci&oacute;n de sus espacios. De esta manera, atraen al cliente y mejoran la rentabilidad de sus negocios&rdquo;.<\/span><\/div>\n<div id=\"m_3737307996605756573yui_3_16_0_ym19_1_1487771568370_18586\"><\/div>\n<div id=\"m_3737307996605756573yui_3_16_0_ym19_1_1487771568370_18589\"><span id=\"m_3737307996605756573yui_3_16_0_ym19_1_1487771568370_18588\">&ldquo;El crear un CCCA implica un trabajo muy importante entre c&aacute;maras, municipios y gobierno. Es fundamental el aporte de las tres partes involucradas y hemos observado gran inter&eacute;s en llevar a cabo las acciones necesarias para el avance en la creaci&oacute;n de espacios comerciales de estas caracter&iacute;sticas en cada departamento que hemos visitado hasta el momento&rdquo;, destac&oacute; Daniel Dimartino, gerente general del IDC.<\/span><\/div>\n<div><\/div>\n<div>El Centro Comercial a Cielo Abierto (CCCA) es un formato, impulsado a nivel nacional por la Confederaci&oacute;n Argentina de la Mediana Empresa (CAME) y desarrollado por la Federaci&oacute;n Econ&oacute;mica en territorio local, en conjunto con la Municipalidad de Mendoza.<\/div>\n<div id=\"m_3737307996605756573yui_3_16_0_ym19_1_1487771568370_18591\"><\/div>\n<div><b>Financiamiento comercial<\/b><\/div>\n<div><b>&nbsp;<\/b><\/div>\n<div id=\"m_3737307996605756573yui_3_16_0_ym19_1_1487771568370_18619\"><span id=\"m_3737307996605756573yui_3_16_0_ym19_1_1487771568370_18618\">El pasado 10 de enero, la Municipalidad de Rosario, a trav&eacute;s de su intendenta, M&oacute;nica Fein, anunci&oacute; el lanzamiento de una l&iacute;nea de financiamiento exclusiva para la mejora, desarrollo y crecimientos de todos aquellos comercios que formen parte de un CCCA.<\/span><\/div>\n<div id=\"m_3737307996605756573yui_3_16_0_ym19_1_1487771568370_18620\"><\/div>\n<div id=\"m_3737307996605756573yui_3_16_0_ym19_1_1487771568370_18593\"><span id=\"m_3737307996605756573yui_3_16_0_ym19_1_1487771568370_18592\">Ian Sweeny, del &aacute;rea de financiamiento y asesoramiento econ&oacute;mico de la Direcci&oacute;n General de Industria, brind&oacute; detalles de la l&iacute;nea de financiamiento lanzada por Fein: &ldquo;Intervienen en la operatoria el Gobierno de Santa Fe, la Municipalidad de Rosario y el Banco Municipal. Los comerciantes interesados en acceder a estos cr&eacute;ditos, de alrededor de $400 mil, a una tasa nominal anual del 16 %, deben llenar dos formularios donde se plasman los datos del solicitante, la orientaci&oacute;n de su actividad e informaci&oacute;n concreta del proyecto a financiar. Posteriormente, nuestra &aacute;rea provee al Banco Municipal de esta informaci&oacute;n para avanzar en la aprobaci&oacute;n del proyecto, siempre y cuando el solicitante sea sujeto de cr&eacute;dito&rdquo;.<\/span><\/div>\n<\/div>\n<\/div>\n<\/div>\n<\/div>\n<div class=\"yj6qo\"><\/div>\n<\/div>\n<\/div>\n<\/div>\n<\/div>\n<\/div>\n<div id=\":1w7\" class=\"hq gt a10\"><\/div>\n<\/body><\/html>\n","protected":false},"excerpt":{"rendered":"Un equipo del IDC viaj\u00f3 a Rosario para conocer de cerca los 29 CCCA que funcionan en esa ciudad santafesina y que nuclean a m\u00e1s de 8 mil comercios.","protected":false},"author":2,"featured_media":81194,"comment_status":"open","ping_status":"open","sticky":false,"template":"","format":"standard","meta":[],"categories":[1],"tags":[],"_links":{"self":[{"href":"https:\/\/www.mendoza.gov.ar\/prensa\/wp-json\/wp\/v2\/posts\/81192"}],"collection":[{"href":"https:\/\/www.mendoza.gov.ar\/prensa\/wp-json\/wp\/v2\/posts"}],"about":[{"href":"https:\/\/www.mendoza.gov.ar\/prensa\/wp-json\/wp\/v2\/types\/post"}],"author":[{"embeddable":true,"href":"https:\/\/www.mendoza.gov.ar\/prensa\/wp-json\/wp\/v2\/users\/2"}],"replies":[{"embeddable":true,"href":"https:\/\/www.mendoza.gov.ar\/prensa\/wp-json\/wp\/v2\/comments?post=81192"}],"version-history":[{"count":0,"href":"https:\/\/www.mendoza.gov.ar\/prensa\/wp-json\/wp\/v2\/posts\/81192\/revisions"}],"wp:featuredmedia":[{"embeddable":true,"href":"https:\/\/www.mendoza.gov.ar\/prensa\/wp-json\/wp\/v2\/media\/81194"}],"wp:attachment":[{"href":"https:\/\/www.mendoza.gov.ar\/prensa\/wp-json\/wp\/v2\/media?parent=81192"}],"wp:term":[{"taxonomy":"category","embeddable":true,"href":"https:\/\/www.mendoza.gov.ar\/prensa\/wp-json\/wp\/v2\/categories?post=81192"},{"taxonomy":"post_tag","embeddable":true,"href":"https:\/\/www.mendoza.gov.ar\/prensa\/wp-json\/wp\/v2\/tags?post=81192"}],"curies":[{"name":"wp","href":"https:\/\/api.w.org\/{rel}","templated":true}]}}