{"id":81255,"date":"2017-02-22T18:40:27","date_gmt":"2017-02-22T21:40:27","guid":{"rendered":"http:\/\/prensa.mendoza.gov.ar\/?p=81255"},"modified":"2017-02-22T18:40:27","modified_gmt":"2017-02-22T21:40:27","slug":"osep-realizo-un-homenaje-al-enfermero-jose-luis-sacaba","status":"publish","type":"post","link":"https:\/\/www.mendoza.gov.ar\/prensa\/osep-realizo-un-homenaje-al-enfermero-jose-luis-sacaba\/","title":{"rendered":"OSEP homenaje\u00f3 al enfermero Jos\u00e9 Luis Sacaba"},"content":{"rendered":"<!DOCTYPE html PUBLIC \"-\/\/W3C\/\/DTD HTML 4.0 Transitional\/\/EN\" \"http:\/\/www.w3.org\/TR\/REC-html40\/loose.dtd\">\n<html><body><p>El titular de la Obra Social de Empleados P&uacute;blicos (OSEP), Sergio Vergara, y la directora del&nbsp; Hospital del Carmen, Liliana Cami, encabezaron un acto en homenaje a Jos&eacute; Luis Sacaba por su trayectoria y a&ntilde;os de servicio en la obra social. Luis era enfermero del centro asistencial y falleci&oacute; el s&aacute;bado 18 de febrero en el accidente de Horcones. En el siniestro tambi&eacute;n perdi&oacute; la vida su esposa, Norma Beatriz Amador, de 51 a&ntilde;os.<\/p>\n<p>En el acto, en la explanada del edificio Ayacahuina, estuvieron presentes Sheila, Joel, Nahuel y Naim, hijos de Luis, su madre Pascuala, sus compa&ntilde;eros del servicio de Enfermer&iacute;a y personal del hospital.<\/p>\n<p>En su discurso, la doctora Cami destac&oacute; a Sacaba como &ldquo;un excelente enfermero, que no s&oacute;lo hac&iacute;a su tarea espec&iacute;fica sino que adem&aacute;s ejerc&iacute;a la docencia como una actitud natural&rdquo;. Asimismo, dijo que Luis &ldquo;ense&ntilde;&oacute; que no s&oacute;lo hay que estar sino que principalmente hay que ser y hacer&rdquo;, y agradeci&oacute; profundamente al enfermero, al que calific&oacute; de hombre ejemplar.<\/p>\n<p>Sergio Vergara se sum&oacute; a las palabras de la directora del Hospital del Carmen resaltando el vac&iacute;o y tristeza que provoc&oacute; la p&eacute;rdida de este gran profesional y persona en la familia de OSEP, y&nbsp;manifest&oacute; el agradecimiento y apoyo a los familiares presentes.<\/p>\n<p>Por su parte, los compa&ntilde;eros de Luis expresaron su desconsuelo por la partida de quien ellos consideraban &ldquo;el padre de los enfermeros del turno noche en el hospital&rdquo;.<\/p>\n<p>Andr&eacute;s Yacopini, a cargo del coro de la OSEP, concluy&oacute; el homenaje a trav&eacute;s de la interpretaci&oacute;n de la canci&oacute;n <em>Honrar la vida<\/em>, de Eladia Bl&aacute;zquez.<\/p>\n<p>Luis ingres&oacute; a la OSEP en 1979 como auxiliar enfermero de la unidad de tratamiento intensivo del Hospital del Carmen. En 1983 pas&oacute; a planta permanente. Hace 20 a&ntilde;os pidi&oacute; el pase a Cl&iacute;nica M&eacute;dica y en el &uacute;ltimo tiempo se desempe&ntilde;&oacute; como jefe nocturno de&nbsp;enfermeros.<\/p>\n<\/body><\/html>\n","protected":false},"excerpt":{"rendered":"Luis se desempe\u00f1aba en el servicio de Cl\u00ednica M\u00e9dica del Hospital del Carmen y falleci\u00f3 el s\u00e1bado 18 de febrero en el accidente de Horcones.","protected":false},"author":2,"featured_media":81257,"comment_status":"open","ping_status":"open","sticky":false,"template":"","format":"standard","meta":[],"categories":[30],"tags":[],"_links":{"self":[{"href":"https:\/\/www.mendoza.gov.ar\/prensa\/wp-json\/wp\/v2\/posts\/81255"}],"collection":[{"href":"https:\/\/www.mendoza.gov.ar\/prensa\/wp-json\/wp\/v2\/posts"}],"about":[{"href":"https:\/\/www.mendoza.gov.ar\/prensa\/wp-json\/wp\/v2\/types\/post"}],"author":[{"embeddable":true,"href":"https:\/\/www.mendoza.gov.ar\/prensa\/wp-json\/wp\/v2\/users\/2"}],"replies":[{"embeddable":true,"href":"https:\/\/www.mendoza.gov.ar\/prensa\/wp-json\/wp\/v2\/comments?post=81255"}],"version-history":[{"count":0,"href":"https:\/\/www.mendoza.gov.ar\/prensa\/wp-json\/wp\/v2\/posts\/81255\/revisions"}],"wp:featuredmedia":[{"embeddable":true,"href":"https:\/\/www.mendoza.gov.ar\/prensa\/wp-json\/wp\/v2\/media\/81257"}],"wp:attachment":[{"href":"https:\/\/www.mendoza.gov.ar\/prensa\/wp-json\/wp\/v2\/media?parent=81255"}],"wp:term":[{"taxonomy":"category","embeddable":true,"href":"https:\/\/www.mendoza.gov.ar\/prensa\/wp-json\/wp\/v2\/categories?post=81255"},{"taxonomy":"post_tag","embeddable":true,"href":"https:\/\/www.mendoza.gov.ar\/prensa\/wp-json\/wp\/v2\/tags?post=81255"}],"curies":[{"name":"wp","href":"https:\/\/api.w.org\/{rel}","templated":true}]}}