{"id":81308,"date":"2017-02-23T11:05:40","date_gmt":"2017-02-23T14:05:40","guid":{"rendered":"http:\/\/prensa.mendoza.gov.ar\/?p=81308"},"modified":"2017-02-23T11:05:40","modified_gmt":"2017-02-23T14:05:40","slug":"iscamen-realizara-controles-fitosanitarios-durante-el-proximo-fin-de-semana-largo","status":"publish","type":"post","link":"https:\/\/www.mendoza.gov.ar\/prensa\/iscamen-realizara-controles-fitosanitarios-durante-el-proximo-fin-de-semana-largo\/","title":{"rendered":"Iscamen realizar\u00e1 controles fitosanitarios durante el pr\u00f3ximo fin de semana largo"},"content":{"rendered":"<!DOCTYPE html PUBLIC \"-\/\/W3C\/\/DTD HTML 4.0 Transitional\/\/EN\" \"http:\/\/www.w3.org\/TR\/REC-html40\/loose.dtd\">\n<html><body><div id=\"m_2102686954242040595yui_3_16_0_ym19_1_1487854076269_14523\">Dado que el pr&oacute;ximo fin de semana largo probablemente se incremente el flujo vehicular desde y hacia la provincia, la colaboraci&oacute;n de la poblaci&oacute;n al regresar es un factor determinante para agilizar el tr&aacute;nsito y evitar demoras en los puestos de barreras sanitarias del Instituto de Sanidad y Calidad Agropecuaria de Mendoza (Iscamen). Por ello, es necesario evitar traer productos que comprometan el patrimonio fitosanitario mendocino.<\/div>\n<div id=\"m_2102686954242040595yui_3_16_0_ym19_1_1487854076269_14526\"><\/div>\n<div id=\"m_2102686954242040595yui_3_16_0_ym19_1_1487854076269_14526\">Plagas desconocidas y otras sobre las que se trabaja para su erradicaci&oacute;n o control en el territorio provincial pueden ser introducidas desde diferentes regiones de Argentina y el exterior, y generar p&eacute;rdidas de sanidad y calidad para los productos locales.<\/div>\n<div id=\"m_2102686954242040595yui_3_16_0_ym19_1_1487854076269_14527\"><\/div>\n<div id=\"m_2102686954242040595yui_3_16_0_ym19_1_1487854076269_14527\">Mendoza es una de las principales provincias agropecuarias de Argentina. Sus m&aacute;s de 300 mil hect&aacute;reas cultivadas la convierten en la primera productora vit&iacute;cola y frut&iacute;cola del pa&iacute;s. Para la protecci&oacute;n de sus cultivos, la provincia implementa un sistema integrado para el control de plagas agr&iacute;colas, cuyo fin es, mediante la utilizaci&oacute;n de t&eacute;cnicas combinadas, minimizar el uso de agroqu&iacute;micos en suelo mendocino y reducir&nbsp;as&iacute; los riesgos para la salud humana y del medio ambiente.<\/div>\n<div id=\"m_2102686954242040595yui_3_16_0_ym19_1_1487854076269_14528\" dir=\"ltr\"><\/div>\n<div id=\"m_2102686954242040595yui_3_16_0_ym19_1_1487854076269_14528\" dir=\"ltr\">Las siguientes especies vegetales tienen restringido el ingreso al territorio provincial, ya que pueden ser atacadas por mosca del Mediterr&aacute;neo y otras plagas de importancia econ&oacute;mica: ar&aacute;ndano, babaco, carambola, cerezo, chirimoya, ciruelo, c&iacute;tricos (cidra, calamond&iacute;n, kumquat, lima dulce, lima, mandarina, mineola, naranja, naranja agria, pomelo), damasco, durazno, frambuesa, granada, guanabana, guayaba, higo, kiwi, kaki, litchi, locoto, l&uacute;cuma, mango, manzana, maracuy&aacute;, membrillo, nectarina,n&iacute;spero, olivo maduro, palta (excepto la variedad Hass), papaya, pasionaria, pepino dulce, pera, pimiento, tomate de &aacute;rbol, tuna, uchuba y uva.<\/div>\n<\/body><\/html>\n","protected":false},"excerpt":{"rendered":"El organismo le recuerda a la poblaci\u00f3n que viaje fuera de la provincia que, para proteger la producci\u00f3n agr\u00edcola, no se permite el ingreso a territorio mendocino de frutas y hortalizas en veh\u00edculos particulares ni encomiendas.","protected":false},"author":2,"featured_media":81309,"comment_status":"open","ping_status":"open","sticky":false,"template":"","format":"standard","meta":[],"categories":[1],"tags":[],"_links":{"self":[{"href":"https:\/\/www.mendoza.gov.ar\/prensa\/wp-json\/wp\/v2\/posts\/81308"}],"collection":[{"href":"https:\/\/www.mendoza.gov.ar\/prensa\/wp-json\/wp\/v2\/posts"}],"about":[{"href":"https:\/\/www.mendoza.gov.ar\/prensa\/wp-json\/wp\/v2\/types\/post"}],"author":[{"embeddable":true,"href":"https:\/\/www.mendoza.gov.ar\/prensa\/wp-json\/wp\/v2\/users\/2"}],"replies":[{"embeddable":true,"href":"https:\/\/www.mendoza.gov.ar\/prensa\/wp-json\/wp\/v2\/comments?post=81308"}],"version-history":[{"count":0,"href":"https:\/\/www.mendoza.gov.ar\/prensa\/wp-json\/wp\/v2\/posts\/81308\/revisions"}],"wp:featuredmedia":[{"embeddable":true,"href":"https:\/\/www.mendoza.gov.ar\/prensa\/wp-json\/wp\/v2\/media\/81309"}],"wp:attachment":[{"href":"https:\/\/www.mendoza.gov.ar\/prensa\/wp-json\/wp\/v2\/media?parent=81308"}],"wp:term":[{"taxonomy":"category","embeddable":true,"href":"https:\/\/www.mendoza.gov.ar\/prensa\/wp-json\/wp\/v2\/categories?post=81308"},{"taxonomy":"post_tag","embeddable":true,"href":"https:\/\/www.mendoza.gov.ar\/prensa\/wp-json\/wp\/v2\/tags?post=81308"}],"curies":[{"name":"wp","href":"https:\/\/api.w.org\/{rel}","templated":true}]}}