{"id":81314,"date":"2017-02-23T12:01:17","date_gmt":"2017-02-23T15:01:17","guid":{"rendered":"http:\/\/prensa.mendoza.gov.ar\/?p=81314"},"modified":"2017-02-23T12:01:17","modified_gmt":"2017-02-23T15:01:17","slug":"se-presento-mendozaemprende-al-consejo-consultivo-de-mendoza","status":"publish","type":"post","link":"https:\/\/www.mendoza.gov.ar\/prensa\/se-presento-mendozaemprende-al-consejo-consultivo-de-mendoza\/","title":{"rendered":"Se present\u00f3 #MendozaEmprende al Consejo Consultivo de Mendoza"},"content":{"rendered":"<!DOCTYPE html PUBLIC \"-\/\/W3C\/\/DTD HTML 4.0 Transitional\/\/EN\" \"http:\/\/www.w3.org\/TR\/REC-html40\/loose.dtd\">\n<html><body><div id=\"m_5626096804328942762yui_3_16_0_ym19_1_1487854076269_26496\" class=\"m_5626096804328942762y_msg_container\">Autoridades del Ministerio de Econom&iacute;a, Infraestructura y Energ&iacute;a&nbsp;participaron en la presentaci&oacute;n de la iniciativa #MendozaEmprende en la&nbsp;primera reuni&oacute;n que el Consejo Consultivo de Mendoza (CCE) lleva adelante&nbsp;este a&ntilde;o. Esta entidad nuclea a diversos actores p&uacute;blico, privado y&nbsp;acad&eacute;mico que trabajan para el desarrollo del sector emprendedor en&nbsp;Mendoza.<\/div>\n<div class=\"m_5626096804328942762y_msg_container\"><\/div>\n<div id=\"m_5626096804328942762yui_3_16_0_ym19_1_1487854076269_26496\" class=\"m_5626096804328942762y_msg_container\">Participaron m&aacute;s diez instituciones que&nbsp;integran el consejo, que hicieron&nbsp;un breve repaso por las actividades del a&ntilde;o pasado y definieron algunas l&iacute;neas de acci&oacute;n para 2017: &nbsp;la incorporaci&oacute;n de servicios para emprendedores, de&nbsp;acciones de apoyo y formaci&oacute;n para incubadoras y organizaciones del&nbsp;ecosistema y la organizaci&oacute;n de concursos y acciones de sensibilizaci&oacute;n&nbsp;para alumnos y docentes terciarios.<\/div>\n<div class=\"m_5626096804328942762y_msg_container\"><\/div>\n<div id=\"m_5626096804328942762yui_3_16_0_ym19_1_1487854076269_26496\" class=\"m_5626096804328942762y_msg_container\">Por otro lado, adem&aacute;s, se definieron acciones para realizar en conjunto, con el fin de promover la vinculaci&oacute;n entre las instituciones, el&nbsp;reconocimiento de todos los actores que componen el ecosistema y la&nbsp;complementariedad de propuestas de las organizaciones.<\/div>\n<div id=\"m_5626096804328942762yui_3_16_0_ym19_1_1487854076269_26496\" class=\"m_5626096804328942762y_msg_container\"><\/div>\n<div id=\"m_5626096804328942762yui_3_16_0_ym19_1_1487854076269_26496\" class=\"m_5626096804328942762y_msg_container\"><strong>Incubando procesos sostenibles<\/strong><\/div>\n<div id=\"m_5626096804328942762yui_3_16_0_ym19_1_1487854076269_26496\" class=\"m_5626096804328942762y_msg_container\"><\/div>\n<div id=\"m_5626096804328942762yui_3_16_0_ym19_1_1487854076269_26496\" class=\"m_5626096804328942762y_msg_container\">La iniciativa Mendoza Emprende&ndash;incubando procesos sostenibles apunta al&nbsp;desarrollando del entorno tecnol&oacute;gico, pol&iacute;tico, econ&oacute;mico y social en el&nbsp;que se potencien el crecimiento emprendedor y empresarial como forma de&nbsp;creaci&oacute;n de valor para la sociedad.<\/div>\n<div class=\"m_5626096804328942762y_msg_container\"><\/div>\n<div id=\"m_5626096804328942762yui_3_16_0_ym19_1_1487854076269_26496\" class=\"m_5626096804328942762y_msg_container\">Esto, a trav&eacute;s de tres objetivos, que son fortalecer y organizar el&nbsp;ecosistema emprendedor de la provincia, incentivar la creaci&oacute;n y el&nbsp;desarrollo de empresas que generen valor econ&oacute;mico, social y ambiental y promover la cultura de la innovaci&oacute;n.<\/div>\n<div class=\"m_5626096804328942762y_msg_container\"><\/div>\n<div id=\"m_5626096804328942762yui_3_16_0_ym19_1_1487854076269_26496\" class=\"m_5626096804328942762y_msg_container\">Para conocer m&aacute;s detalles del Mendoza Emprende, comunicarse con la&nbsp;Subsecretar&iacute;a de Industria y Comercio al tel&eacute;fono 0261 449 2508.<\/div>\n<\/body><\/html>\n","protected":false},"excerpt":{"rendered":"Fue durante la primera reuni\u00f3n del 2017 en la que\u00a0participaron incubadoras privadas, p\u00fablicas y del sector acad\u00e9mico de\u00a0Mendoza. Su objetivo es fortalecer y organizar el ecosistema emprendedor de la provincia, incentivar la creaci\u00f3n y el desarrollo de empresas que generen valor econ\u00f3mico, social y ambiental y promover la cultura de la innovaci\u00f3n.\n","protected":false},"author":2,"featured_media":81315,"comment_status":"open","ping_status":"open","sticky":false,"template":"","format":"standard","meta":[],"categories":[1],"tags":[],"_links":{"self":[{"href":"https:\/\/www.mendoza.gov.ar\/prensa\/wp-json\/wp\/v2\/posts\/81314"}],"collection":[{"href":"https:\/\/www.mendoza.gov.ar\/prensa\/wp-json\/wp\/v2\/posts"}],"about":[{"href":"https:\/\/www.mendoza.gov.ar\/prensa\/wp-json\/wp\/v2\/types\/post"}],"author":[{"embeddable":true,"href":"https:\/\/www.mendoza.gov.ar\/prensa\/wp-json\/wp\/v2\/users\/2"}],"replies":[{"embeddable":true,"href":"https:\/\/www.mendoza.gov.ar\/prensa\/wp-json\/wp\/v2\/comments?post=81314"}],"version-history":[{"count":0,"href":"https:\/\/www.mendoza.gov.ar\/prensa\/wp-json\/wp\/v2\/posts\/81314\/revisions"}],"wp:featuredmedia":[{"embeddable":true,"href":"https:\/\/www.mendoza.gov.ar\/prensa\/wp-json\/wp\/v2\/media\/81315"}],"wp:attachment":[{"href":"https:\/\/www.mendoza.gov.ar\/prensa\/wp-json\/wp\/v2\/media?parent=81314"}],"wp:term":[{"taxonomy":"category","embeddable":true,"href":"https:\/\/www.mendoza.gov.ar\/prensa\/wp-json\/wp\/v2\/categories?post=81314"},{"taxonomy":"post_tag","embeddable":true,"href":"https:\/\/www.mendoza.gov.ar\/prensa\/wp-json\/wp\/v2\/tags?post=81314"}],"curies":[{"name":"wp","href":"https:\/\/api.w.org\/{rel}","templated":true}]}}