{"id":81345,"date":"2017-02-23T15:23:18","date_gmt":"2017-02-23T18:23:18","guid":{"rendered":"http:\/\/prensa.mendoza.gov.ar\/?p=81345"},"modified":"2017-02-23T15:23:18","modified_gmt":"2017-02-23T18:23:18","slug":"se-puso-en-marcha-el-plan-operativo-para-combatir-la-lobesia-botrana","status":"publish","type":"post","link":"https:\/\/www.mendoza.gov.ar\/prensa\/se-puso-en-marcha-el-plan-operativo-para-combatir-la-lobesia-botrana\/","title":{"rendered":"Se puso en marcha el plan operativo para combatir la Lobesia botrana"},"content":{"rendered":"<!DOCTYPE html PUBLIC \"-\/\/W3C\/\/DTD HTML 4.0 Transitional\/\/EN\" \"http:\/\/www.w3.org\/TR\/REC-html40\/loose.dtd\">\n<html><body><p>Los $400 millones dispuestos, por primera vez, por el Gobierno nacional para combatir la plaga de Lobesia botrana son un hecho y abrieron la puerta para comenzar a dise&ntilde;ar un plan efectivo para el control y la posterior erradicaci&oacute;n de la polilla de la vid, que actualmente afecta 170 mil hect&aacute;reas cultivadas de Mendoza y San Juan.<\/p>\n<p>Tras seis a&ntilde;os de avance constante de la plaga, el Comit&eacute; T&eacute;cnico, integrado por organismos p&uacute;blicos como el Ministerio de Econom&iacute;a, Infraestructura y Energ&iacute;a, el Servicio Nacional de &nbsp;Sanidad y Calidad Agroalimentaria (Senasa), el Instituto de Sanidad y Calidad Agropecuaria de Mendoza (Iscamen) y el Instituto Nacional de Tecnolog&iacute;a Agropecuaria (INTA), entre otros, y por entidades vitivin&iacute;colas de Mendoza y San Juan, se reuni&oacute; en la sede del Instituto Nacinoal de Vitivinicultura (INV), con la presencia del subsecretario de Agricultura, Alfredo Aciar.<\/p>\n<p>El primer paso se dar&aacute; ma&ntilde;ana viernes, cuando el equipo t&eacute;cnico y administrativo del Senasa comience a trabajar en el armado de los pliegos licitatorios para que las empresas interesadas se inscriban y&nbsp; presenten las ofertas del producto que, como condici&oacute;n, debe estar registrado en el organismo nacional.<\/p>\n<p>&ldquo;Teniendo en cuenta que las empresas proveedoras de feromonas no disponen de la cantidad suficiente para toda la superficie, hemos acordado hacer una combinaci&oacute;n de herramientas basada principalmente en la t&eacute;cnica de confusi&oacute;n sexual, ayudado con agroqu&iacute;micos espec&iacute;ficos de muy bajo impacto ambiental y, en aquellas zonas donde hay mayor presi&oacute;n de plaga, ayudar con insecticidas para polilla adulta o para larva&rdquo;, explic&oacute; Wilda Ram&iacute;rez, directora de Sanidad Vegetal del Senasa.<\/p>\n<p>El objetivo, seg&uacute;n explic&oacute; la funcionaria, es &ldquo;trabajar de forma conjunta con las provincias en dise&ntilde;ar estrategias de abordaje de la plaga, principalmente con esta t&eacute;cnica y con otras herramientas superadoras, como la que est&aacute; ensayando el Iscamen, de feromonas l&iacute;quidas que pueden aplicarse de forma a&eacute;rea y en la que los postes y la tela antigranizo funcionan como difusor.<\/p>\n<p>En t&eacute;rminos operativos, el Senasa ha dispuesto que la distribuci&oacute;n de las feromonas quede a cargo de las provincias afectadas. Para esto &ldquo;se requiere un trabajo de campo para analizar las curvas de vuelo. Donde se halle mayor presi&oacute;n, aplicar la combinaci&oacute;n de t&eacute;cnicas, y en los sitios donde sea menor, utilizar una sola herramienta&rdquo;, detall&oacute; Ram&iacute;rez.<\/p>\n<p>Seg&uacute;n las estimaciones de la Comisi&oacute;n T&eacute;cnica Asesora, el cronograma continuar&iacute;a en abril y mayo con la campa&ntilde;a de inscripci&oacute;n de productores para recibir las feromonas. En agosto, se entregar&aacute; el producto para que se aplique en setiembre, cuando comienza la temporada de tratamiento.<\/p>\n<p>Mientras tanto, desde el Iscamen se trabaja en la elaboraci&oacute;n de un registro para que los propietarios de vi&ntilde;edos abandonados puedan inscribirse en un plan de erradicaci&oacute;n, siendo esta otra herramienta para el control y erradicaci&oacute;n de la plaga.<\/p>\n<\/body><\/html>\n","protected":false},"excerpt":{"rendered":"Hoy se reuni\u00f3 la comisi\u00f3n t\u00e9cnica asesora para comenzar a dise\u00f1ar los t\u00e9rminos de la licitaci\u00f3n y posterior entrega de feromonas y qu\u00edmicos.","protected":false},"author":2,"featured_media":81346,"comment_status":"open","ping_status":"open","sticky":false,"template":"","format":"standard","meta":[],"categories":[1],"tags":[],"_links":{"self":[{"href":"https:\/\/www.mendoza.gov.ar\/prensa\/wp-json\/wp\/v2\/posts\/81345"}],"collection":[{"href":"https:\/\/www.mendoza.gov.ar\/prensa\/wp-json\/wp\/v2\/posts"}],"about":[{"href":"https:\/\/www.mendoza.gov.ar\/prensa\/wp-json\/wp\/v2\/types\/post"}],"author":[{"embeddable":true,"href":"https:\/\/www.mendoza.gov.ar\/prensa\/wp-json\/wp\/v2\/users\/2"}],"replies":[{"embeddable":true,"href":"https:\/\/www.mendoza.gov.ar\/prensa\/wp-json\/wp\/v2\/comments?post=81345"}],"version-history":[{"count":0,"href":"https:\/\/www.mendoza.gov.ar\/prensa\/wp-json\/wp\/v2\/posts\/81345\/revisions"}],"wp:featuredmedia":[{"embeddable":true,"href":"https:\/\/www.mendoza.gov.ar\/prensa\/wp-json\/wp\/v2\/media\/81346"}],"wp:attachment":[{"href":"https:\/\/www.mendoza.gov.ar\/prensa\/wp-json\/wp\/v2\/media?parent=81345"}],"wp:term":[{"taxonomy":"category","embeddable":true,"href":"https:\/\/www.mendoza.gov.ar\/prensa\/wp-json\/wp\/v2\/categories?post=81345"},{"taxonomy":"post_tag","embeddable":true,"href":"https:\/\/www.mendoza.gov.ar\/prensa\/wp-json\/wp\/v2\/tags?post=81345"}],"curies":[{"name":"wp","href":"https:\/\/api.w.org\/{rel}","templated":true}]}}