{"id":81509,"date":"2017-02-24T11:29:36","date_gmt":"2017-02-24T14:29:36","guid":{"rendered":"http:\/\/prensa.mendoza.gov.ar\/?p=81509"},"modified":"2017-02-24T11:29:36","modified_gmt":"2017-02-24T14:29:36","slug":"se-esperan-tormentas-severas-para-el-fin-de-semana","status":"publish","type":"post","link":"https:\/\/www.mendoza.gov.ar\/prensa\/se-esperan-tormentas-severas-para-el-fin-de-semana\/","title":{"rendered":"Se esperan tormentas severas para el fin de semana"},"content":{"rendered":"<!DOCTYPE html PUBLIC \"-\/\/W3C\/\/DTD HTML 4.0 Transitional\/\/EN\" \"http:\/\/www.w3.org\/TR\/REC-html40\/loose.dtd\">\n<html><body><div id=\":1tz\" class=\"ii gt adP adO\">\n<div id=\":1tj\" class=\"a3s aXjCH m15a7050c01b71021\">\n<div id=\"m_8696365531337847737yui_3_16_0_1_1487942315760_5332\">Se espera que a partir de hoy y durante el fin de semana, se incrementen los &iacute;ndices de humedad en todo el territorio provincial. Esta situaci&oacute;n combinada con las altas temperaturas&nbsp;y la aproximaci&oacute;n de una perturbaci&oacute;n meteorol&oacute;gica desde el Pac&iacute;fico, provocar&aacute;n tormentas y lluvia, que ser&aacute;n m&aacute;s importantes en la zona Oeste de la provincia.<\/div>\n<div id=\"m_8696365531337847737yui_3_16_0_1_1487942315760_5341\"><span lang=\"ES-AR\">&nbsp;<\/span><\/div>\n<div id=\"m_8696365531337847737yui_3_16_0_1_1487942315760_5341\"><span id=\"m_8696365531337847737yui_3_16_0_1_1487942315760_5342\" lang=\"ES-AR\">El informe elaborado por el &aacute;rea de meteorolog&iacute;a de la Direcci&oacute;n de Agricultura y Contingencias Clim&aacute;ticas se&ntilde;ala adem&aacute;s, que las lluvias abarcar&iacute;an los tres oasis productivos y&nbsp; la precordillera. Sin embargo el nivel de humedad no superar&iacute;a los valores normales. &ldquo;No va a ser una situaci&oacute;n extraordinaria, est&aacute; dentro de los par&aacute;metros climatol&oacute;gicos de febrero&rdquo;,&nbsp;aclar&oacute; el meteor&oacute;logo Carlos Bustos.<\/span><\/div>\n<div id=\"m_8696365531337847737yui_3_16_0_1_1487942315760_5344\"><span lang=\"ES-AR\">&nbsp;<\/span><\/div>\n<div id=\"m_8696365531337847737yui_3_16_0_1_1487942315760_5344\"><span id=\"m_8696365531337847737yui_3_16_0_1_1487942315760_5345\" lang=\"ES-AR\">Los modelos num&eacute;ricos indican los siguientes valores de precipitaci&oacute;n acumulados entre el 24 y el 28 de febrero: oasis Norte y Este 60 mm, Valle de Uco 30 a 50 mm, oasis Sur 40 mm, sector cordillerano (hasta Uspallata) 40 mm. Dichos valores podr&iacute;an ser superados por la ocurrencia de tormentas puntuales.<\/span><\/div>\n<div id=\"m_8696365531337847737yui_3_16_0_1_1487942315760_5344\"><span lang=\"ES-AR\">&nbsp;<\/span><\/div>\n<table id=\"m_8696365531337847737yui_3_16_0_1_1487942315760_5347\" style=\"height: 73px\" border=\"1\" width=\"711\" cellspacing=\"0\" cellpadding=\"0\" class=\" table table-hover\">\n<tbody id=\"m_8696365531337847737yui_3_16_0_1_1487942315760_5348\">\n<tr id=\"m_8696365531337847737yui_3_16_0_1_1487942315760_5349\">\n<td id=\"m_8696365531337847737yui_3_16_0_1_1487942315760_5350\" rowspan=\"2\" width=\"113\">\n<div id=\"m_8696365531337847737yui_3_16_0_1_1487942315760_5351\" align=\"center\"><b id=\"m_8696365531337847737yui_3_16_0_1_1487942315760_5352\">Precipitaci&oacute;n acumulada desde 24\/2 hasta 28\/2<\/b><\/div>\n<\/td>\n<td id=\"m_8696365531337847737yui_3_16_0_1_1487942315760_5354\" width=\"82\">\n<div id=\"m_8696365531337847737yui_3_16_0_1_1487942315760_5355\" align=\"center\"><b id=\"m_8696365531337847737yui_3_16_0_1_1487942315760_5356\">oasis Este<\/b><\/div>\n<\/td>\n<td id=\"m_8696365531337847737yui_3_16_0_1_1487942315760_5358\" width=\"86\">\n<div id=\"m_8696365531337847737yui_3_16_0_1_1487942315760_5359\" align=\"center\"><b id=\"m_8696365531337847737yui_3_16_0_1_1487942315760_5360\">oasis Norte<\/b><\/div>\n<\/td>\n<td id=\"m_8696365531337847737yui_3_16_0_1_1487942315760_5362\" width=\"95\">\n<div id=\"m_8696365531337847737yui_3_16_0_1_1487942315760_5363\" align=\"center\"><b id=\"m_8696365531337847737yui_3_16_0_1_1487942315760_5364\">Valle de Uco<\/b><\/div>\n<\/td>\n<td id=\"m_8696365531337847737yui_3_16_0_1_1487942315760_5366\" width=\"76\">\n<div id=\"m_8696365531337847737yui_3_16_0_1_1487942315760_5367\" align=\"center\"><b id=\"m_8696365531337847737yui_3_16_0_1_1487942315760_5368\">oasis Sur<\/b><\/div>\n<\/td>\n<td id=\"m_8696365531337847737yui_3_16_0_1_1487942315760_5370\" width=\"86\">\n<div id=\"m_8696365531337847737yui_3_16_0_1_1487942315760_5371\" align=\"center\"><b id=\"m_8696365531337847737yui_3_16_0_1_1487942315760_5372\">Cordillera<\/b><\/div>\n<\/td>\n<\/tr>\n<tr id=\"m_8696365531337847737yui_3_16_0_1_1487942315760_5374\">\n<td id=\"m_8696365531337847737yui_3_16_0_1_1487942315760_5375\" width=\"82\">\n<div id=\"m_8696365531337847737yui_3_16_0_1_1487942315760_5376\" align=\"center\"><b id=\"m_8696365531337847737yui_3_16_0_1_1487942315760_5377\">60 mm<\/b><\/div>\n<\/td>\n<td id=\"m_8696365531337847737yui_3_16_0_1_1487942315760_5379\" width=\"86\">\n<div id=\"m_8696365531337847737yui_3_16_0_1_1487942315760_5380\" align=\"center\"><b id=\"m_8696365531337847737yui_3_16_0_1_1487942315760_5381\">60 mm<\/b><\/div>\n<\/td>\n<td id=\"m_8696365531337847737yui_3_16_0_1_1487942315760_5383\" width=\"95\">\n<div id=\"m_8696365531337847737yui_3_16_0_1_1487942315760_5384\" align=\"center\"><b id=\"m_8696365531337847737yui_3_16_0_1_1487942315760_5385\">30-50 mm<\/b><\/div>\n<\/td>\n<td id=\"m_8696365531337847737yui_3_16_0_1_1487942315760_5387\" width=\"76\">\n<div id=\"m_8696365531337847737yui_3_16_0_1_1487942315760_5388\" align=\"center\"><b id=\"m_8696365531337847737yui_3_16_0_1_1487942315760_5389\">40 mm<\/b><\/div>\n<\/td>\n<td id=\"m_8696365531337847737yui_3_16_0_1_1487942315760_5391\" width=\"86\">\n<div id=\"m_8696365531337847737yui_3_16_0_1_1487942315760_5392\" align=\"center\"><b id=\"m_8696365531337847737yui_3_16_0_1_1487942315760_5393\">40 mm<\/b><\/div>\n<\/td>\n<\/tr>\n<\/tbody>\n<\/table>\n<div id=\"m_8696365531337847737yui_3_16_0_1_1487942315760_5395\"><b id=\"m_8696365531337847737yui_3_16_0_1_1487942315760_5396\">&nbsp;<\/b><\/div>\n<div id=\"m_8696365531337847737yui_3_16_0_1_1487942315760_5397\"><b id=\"m_8696365531337847737yui_3_16_0_1_1487942315760_5398\"><span id=\"m_8696365531337847737yui_3_16_0_1_1487942315760_5399\" lang=\"ES-AR\">Pron&oacute;stico<\/span><span id=\"m_8696365531337847737yui_3_16_0_1_1487942315760_5400\" lang=\"ES-TRAD\"><\/span><\/b><\/div>\n<div id=\"m_8696365531337847737yui_3_16_0_1_1487942315760_5402\"><b>&nbsp;<\/b><\/div>\n<div id=\"m_8696365531337847737yui_3_16_0_1_1487942315760_5402\"><b id=\"m_8696365531337847737yui_3_16_0_1_1487942315760_5403\">Viernes:<\/b><span id=\"m_8696365531337847737yui_3_16_0_1_1487942315760_5404\" lang=\"ES-AR\"> Caluroso, tormentas de intensidad d&eacute;bil a modera a partir de la tarde en sectores de precordillera (entre las 18 y las 23) y una temperatura m&aacute;xima de 39&deg;C.<\/span><\/div>\n<div id=\"m_8696365531337847737yui_3_16_0_1_1487942315760_5406\"><b>&nbsp;<\/b><\/div>\n<div id=\"m_8696365531337847737yui_3_16_0_1_1487942315760_5406\"><b id=\"m_8696365531337847737yui_3_16_0_1_1487942315760_5407\">S&aacute;bado:<\/b><span id=\"m_8696365531337847737yui_3_16_0_1_1487942315760_5408\" lang=\"ES-AR\"> muy inestable, tormentas de intensidad moderada a severa en los tres oasis productivos durante la tarde, tormentas en precordillera (hasta Uspallata), lluvias en alta monta&ntilde;a (entre las 18 y 3), temperatura m&aacute;xima de 37 &deg;C.<\/span><\/div>\n<div><\/div>\n<div><b id=\"m_8696365531337847737yui_3_16_0_1_1487942315760_5411\">Domingo:<\/b><span id=\"m_8696365531337847737yui_3_16_0_1_1487942315760_5412\" lang=\"ES-AR\"> Muy inestable hacia la noche, tormentas de intensidad moderada a severa, principalmente en el sector oeste de la provincia a partir de la tarde, lluvias y tormentas en sectores de precordillera (hasta Uspallata), lluvias en alta monta&ntilde;a, temperatura m&aacute;xima 35&deg;C.<\/span><\/div>\n<\/div>\n<div class=\"yj6qo\"><\/div>\n<\/div>\n<div id=\":1pz\" class=\"hq gt a10\"><\/div>\n<\/body><\/html>\n","protected":false},"excerpt":{"rendered":"Desde la noche del viernes se producir\u00edan precipitaciones en toda la provincia. El nivel de humedad no superar\u00eda los valores normales de la \u00e9poca.","protected":false},"author":2,"featured_media":81513,"comment_status":"open","ping_status":"open","sticky":false,"template":"","format":"standard","meta":[],"categories":[1],"tags":[],"_links":{"self":[{"href":"https:\/\/www.mendoza.gov.ar\/prensa\/wp-json\/wp\/v2\/posts\/81509"}],"collection":[{"href":"https:\/\/www.mendoza.gov.ar\/prensa\/wp-json\/wp\/v2\/posts"}],"about":[{"href":"https:\/\/www.mendoza.gov.ar\/prensa\/wp-json\/wp\/v2\/types\/post"}],"author":[{"embeddable":true,"href":"https:\/\/www.mendoza.gov.ar\/prensa\/wp-json\/wp\/v2\/users\/2"}],"replies":[{"embeddable":true,"href":"https:\/\/www.mendoza.gov.ar\/prensa\/wp-json\/wp\/v2\/comments?post=81509"}],"version-history":[{"count":0,"href":"https:\/\/www.mendoza.gov.ar\/prensa\/wp-json\/wp\/v2\/posts\/81509\/revisions"}],"wp:featuredmedia":[{"embeddable":true,"href":"https:\/\/www.mendoza.gov.ar\/prensa\/wp-json\/wp\/v2\/media\/81513"}],"wp:attachment":[{"href":"https:\/\/www.mendoza.gov.ar\/prensa\/wp-json\/wp\/v2\/media?parent=81509"}],"wp:term":[{"taxonomy":"category","embeddable":true,"href":"https:\/\/www.mendoza.gov.ar\/prensa\/wp-json\/wp\/v2\/categories?post=81509"},{"taxonomy":"post_tag","embeddable":true,"href":"https:\/\/www.mendoza.gov.ar\/prensa\/wp-json\/wp\/v2\/tags?post=81509"}],"curies":[{"name":"wp","href":"https:\/\/api.w.org\/{rel}","templated":true}]}}