{"id":81515,"date":"2017-02-24T11:36:00","date_gmt":"2017-02-24T14:36:00","guid":{"rendered":"http:\/\/prensa.mendoza.gov.ar\/?p=81515"},"modified":"2017-02-24T11:36:00","modified_gmt":"2017-02-24T14:36:00","slug":"invierten-15-millones-para-reparar-escuelas-del-valle-de-uco","status":"publish","type":"post","link":"https:\/\/www.mendoza.gov.ar\/prensa\/invierten-15-millones-para-reparar-escuelas-del-valle-de-uco\/","title":{"rendered":"Invierten $15 millones para reparar escuelas del Valle de Uco"},"content":{"rendered":"<!DOCTYPE html PUBLIC \"-\/\/W3C\/\/DTD HTML 4.0 Transitional\/\/EN\" \"http:\/\/www.w3.org\/TR\/REC-html40\/loose.dtd\">\n<html><body><div id=\"m_7740193361409225760yiv6303769724yui_3_16_0_ym19_1_1487872134965_13042\" align=\"center\"><\/div>\n<div id=\"m_7740193361409225760yiv6303769724yui_3_16_0_ym19_1_1487872134965_13042\" style=\"text-align: left\" align=\"center\">La Subsecretar&iacute;a de Infraestructura Social B&aacute;sica contin&uacute;a con su plan de reparaciones de escuelas de cara al inicio del pr&oacute;ximo ciclo lectivo. Y en este sentido, se est&aacute;n invirtiendo $15 millones en las refacciones edilicias de establecimientos del Valle de Uco.<\/div>\n<div id=\"m_7740193361409225760yiv6303769724yui_3_16_0_ym19_1_1487872134965_13052\"><span lang=\"ES-AR\">&nbsp;<\/span><\/div>\n<div id=\"m_7740193361409225760yiv6303769724yui_3_16_0_ym19_1_1487872134965_13055\"><span id=\"m_7740193361409225760yiv6303769724yui_3_16_0_ym19_1_1487872134965_13056\" lang=\"ES-AR\">Arreglos&nbsp;de diversa magnitud y trascendencia, como reparaciones de techos por filtraciones, arreglos de cisternas y cielorrasos, de sistemas el&eacute;ctricos y de grupos sanitarios, son algunas de las intervenciones que se realizan en escuelas de Tunuy&aacute;n, San Carlos y Tupungato.<\/span><\/div>\n<div id=\"m_7740193361409225760yiv6303769724yui_3_16_0_ym19_1_1487872134965_13055\"><span lang=\"ES-AR\">&nbsp;<\/span><\/div>\n<div id=\"m_7740193361409225760yiv6303769724yui_3_16_0_ym19_1_1487872134965_13058\"><span id=\"m_7740193361409225760yiv6303769724yui_3_16_0_ym19_1_1487872134965_13059\" lang=\"ES-AR\">Estas acciones forman parte de un plan de trabajos que Infraestructura Social est&aacute; ejecutando a trav&eacute;s de coeficientes de impacto zonales e individuales (paquetes de obras licitadas con un monto de inversi&oacute;n espec&iacute;fico), con el objetivo de que la gran mayor&iacute;a de los edificios escolares lleguen sin inconvenientes de infraestructura al pr&oacute;ximo ciclo lectivo, que arranca el 6 de marzo.<\/span><\/div>\n<div id=\"m_7740193361409225760yiv6303769724yui_3_16_0_ym19_1_1487872134965_13058\"><span lang=\"ES-AR\">&nbsp;<\/span><\/div>\n<div id=\"m_7740193361409225760yiv6303769724yui_3_16_0_ym19_1_1487872134965_13061\"><span id=\"m_7740193361409225760yiv6303769724yui_3_16_0_ym19_1_1487872134965_13062\" lang=\"ES-AR\">Las escuelas Antonio Olivares, Saturnino Torres y Clotilde Rezzano (San Carlos), Vicente L&oacute;pez y Planes, Manuela Ojeda y Malvinas Argentinas (Tunuy&aacute;n), y Ernesto Piaggi, Hermenegildo Hidalgo y Lindor Castillo (las tres de Tupungato), son algunos de los edificios educativos que est&aacute;n siendo beneficiados con las intervenciones.<\/span><\/div>\n<div id=\"m_7740193361409225760yiv6303769724yui_3_16_0_ym19_1_1487872134965_13061\"><span lang=\"ES-AR\">&nbsp;<\/span><\/div>\n<div id=\"m_7740193361409225760yiv6303769724yui_3_16_0_ym19_1_1487872134965_13064\"><span id=\"m_7740193361409225760yiv6303769724yui_3_16_0_ym19_1_1487872134965_13065\" lang=\"ES-AR\">A este grupo, se suman 4 paquetes de obras zonales de entre $1,2 mill&oacute;n y $1,8 mill&oacute;n que permite una misma empresa intervenga por cercan&iacute;a un grupo de entre 7 y 12 edificios que requieran reparaciones menores.<\/span><\/div>\n<div id=\"m_7740193361409225760yiv6303769724yui_3_16_0_ym19_1_1487872134965_13064\"><span lang=\"ES-AR\">&nbsp;<\/span><\/div>\n<div id=\"m_7740193361409225760yiv6303769724yui_3_16_0_ym19_1_1487872134965_13067\"><span id=\"m_7740193361409225760yiv6303769724yui_3_16_0_ym19_1_1487872134965_13068\" lang=\"ES-AR\">&ldquo;Estamos invirtiendo casi $13 millones en la reparaci&oacute;n de escuelas del Valle Uco y nuestro objetivo es que las obras est&eacute;n terminadas lo antes posible. Algunas estar&aacute;n listas antes del inicio del pr&oacute;ximo ciclo lectivo y otras continuar&aacute;n en ejecuci&oacute;n un tiempo m&aacute;s, pero habr&aacute; clases igual&rdquo;, indic&oacute; el subdirector de Mantenimiento de escuelas, Emilio Pastorino.<\/span><\/div>\n<div id=\"m_7740193361409225760yiv6303769724yui_3_16_0_ym19_1_1487872134965_13067\"><span lang=\"ES-AR\">&nbsp;<\/span><\/div>\n<div id=\"m_7740193361409225760yiv6303769724yui_3_16_0_ym19_1_1487872134965_13070\"><b id=\"m_7740193361409225760yiv6303769724yui_3_16_0_ym19_1_1487872134965_13071\"><span id=\"m_7740193361409225760yiv6303769724yui_3_16_0_ym19_1_1487872134965_13072\" lang=\"ES-AR\">Casi&nbsp;$160 millones para todo 2017<\/span><\/b><\/div>\n<div><\/div>\n<div id=\"m_7740193361409225760yiv6303769724yui_3_16_0_ym19_1_1487872134965_13074\"><span id=\"m_7740193361409225760yiv6303769724yui_3_16_0_ym19_1_1487872134965_13075\" lang=\"ES-AR\">Los arreglos en los edificios educativos del Valle de Uco forman parte de un paquete m&aacute;s amplio de reparaciones en la provincia, que est&aacute; previsto ser ejecutado durante todo 2017 y contar&aacute; con una inversi&oacute;n oficial de casi $160 millones. M&aacute;s de mil escuelas ser&aacute;n intervenidas con estas obras.<\/span><\/div>\n<div id=\"m_7740193361409225760yiv6303769724yui_3_16_0_ym19_1_1487872134965_13074\"><span lang=\"ES-AR\">&nbsp;<\/span><\/div>\n<div id=\"m_7740193361409225760yiv6303769724yui_3_16_0_ym19_1_1487872134965_13077\"><span id=\"m_7740193361409225760yiv6303769724yui_3_16_0_ym19_1_1487872134965_13078\" lang=\"ES-AR\">De este presupuesto combinado, $115.700.000 ya est&aacute;n siendo aportados por el Gobierno Provincial para la reparaci&oacute;n de 700 escuelas y otros $40.millones que env&iacute;a el Ministerio de Educaci&oacute;n de la Naci&oacute;n, se destinan a los arreglos menores, en m&aacute;s de 350 establecimientos que tambi&eacute;n los necesitan.<\/span><\/div>\n<div id=\"m_7740193361409225760yiv6303769724yui_3_16_0_ym19_1_1487872134965_13077\"><span lang=\"ES-AR\">&nbsp;<\/span><\/div>\n<div id=\"m_7740193361409225760yiv6303769724yui_3_16_0_ym19_1_1487872134965_13080\"><span id=\"m_7740193361409225760yiv6303769724yui_3_16_0_ym19_1_1487872134965_13081\" lang=\"ES-AR\">&ldquo;Estamos atacando varios frentes de reparaciones de escuelas, con distintas financiaciones. Una parte se hace con fondos provinciales y otra con recursos de la Naci&oacute;n. As&iacute; estamos interviniendo, desde el verano, a m&aacute;s de mil establecimientos, con el objetivo de que la gran mayor&iacute;a llegue sin problemas al inicio del pr&oacute;ximo ciclo lectivo&rdquo;, se&ntilde;al&oacute; Pastorino.<\/span><\/div>\n<div id=\"m_7740193361409225760yiv6303769724yui_3_16_0_ym19_1_1487872134965_13080\"><\/div>\n<div id=\"m_7740193361409225760yiv6303769724yui_3_16_0_ym19_1_1487872134965_13083\" dir=\"ltr\"><span id=\"m_7740193361409225760yiv6303769724yui_3_16_0_ym19_1_1487872134965_13084\" lang=\"ES-AR\">La gran mayor&iacute;a de estas obras comenz&oacute; entre diciembre de 2016 y enero de este a&ntilde;o y el objetivo de Infraestructura Social B&aacute;sica es que una gran parte de las tareas est&eacute;n concluidas antes del pr&oacute;ximo inicio del ciclo lectivo, con el fin de que los edificios educativos funcionen a pleno a partir del 6 de marzo.<\/span><\/div>\n<\/body><\/html>\n","protected":false},"excerpt":{"rendered":"Infraestructura Social B\u00e1sica interviene 48 establecimientos de Tunuy\u00e1n, San Carlos y Tupungato. Algunas obras ya se iniciaron y otras est\u00e1n en proceso de adjudicaci\u00f3n. Se beneficiar\u00e1n casi 5.000 alumnos. La mayor\u00eda de los trabajos estar\u00e1n listos antes del inicio del pr\u00f3ximo ciclo lectivo.","protected":false},"author":2,"featured_media":81519,"comment_status":"open","ping_status":"open","sticky":false,"template":"","format":"standard","meta":[],"categories":[1],"tags":[],"_links":{"self":[{"href":"https:\/\/www.mendoza.gov.ar\/prensa\/wp-json\/wp\/v2\/posts\/81515"}],"collection":[{"href":"https:\/\/www.mendoza.gov.ar\/prensa\/wp-json\/wp\/v2\/posts"}],"about":[{"href":"https:\/\/www.mendoza.gov.ar\/prensa\/wp-json\/wp\/v2\/types\/post"}],"author":[{"embeddable":true,"href":"https:\/\/www.mendoza.gov.ar\/prensa\/wp-json\/wp\/v2\/users\/2"}],"replies":[{"embeddable":true,"href":"https:\/\/www.mendoza.gov.ar\/prensa\/wp-json\/wp\/v2\/comments?post=81515"}],"version-history":[{"count":0,"href":"https:\/\/www.mendoza.gov.ar\/prensa\/wp-json\/wp\/v2\/posts\/81515\/revisions"}],"wp:featuredmedia":[{"embeddable":true,"href":"https:\/\/www.mendoza.gov.ar\/prensa\/wp-json\/wp\/v2\/media\/81519"}],"wp:attachment":[{"href":"https:\/\/www.mendoza.gov.ar\/prensa\/wp-json\/wp\/v2\/media?parent=81515"}],"wp:term":[{"taxonomy":"category","embeddable":true,"href":"https:\/\/www.mendoza.gov.ar\/prensa\/wp-json\/wp\/v2\/categories?post=81515"},{"taxonomy":"post_tag","embeddable":true,"href":"https:\/\/www.mendoza.gov.ar\/prensa\/wp-json\/wp\/v2\/tags?post=81515"}],"curies":[{"name":"wp","href":"https:\/\/api.w.org\/{rel}","templated":true}]}}