{"id":81555,"date":"2017-02-24T12:40:29","date_gmt":"2017-02-24T15:40:29","guid":{"rendered":"http:\/\/prensa.mendoza.gov.ar\/?p=81555"},"modified":"2017-02-24T12:40:29","modified_gmt":"2017-02-24T15:40:29","slug":"mas-de-100-productores-ya-participaron-de-la-capacitacion-sobre-corresponsabilidad-gremial","status":"publish","type":"post","link":"https:\/\/www.mendoza.gov.ar\/prensa\/mas-de-100-productores-ya-participaron-de-la-capacitacion-sobre-corresponsabilidad-gremial\/","title":{"rendered":"M\u00e1s de 100 productores ya participaron de la capacitaci\u00f3n sobre Corresponsabilidad Gremial"},"content":{"rendered":"<!DOCTYPE html PUBLIC \"-\/\/W3C\/\/DTD HTML 4.0 Transitional\/\/EN\" \"http:\/\/www.w3.org\/TR\/REC-html40\/loose.dtd\">\n<html><body><div id=\":13z\" class=\"ii gt adP adO\">\n<div id=\":140\" class=\"a3s aXjCH m15a7090df3a5ead5\">\n<div id=\"m_4776074371384763968yui_3_16_0_1_1487943392818_15724\">T&eacute;cnicos de AFIP, INV y el Gobierno de Mendoza, realizaron esta semana las dos primeras capacitaciones sobre los alcances del plan para adherir a la moratoria de la tarifa sustitutiva del Convenio de Corresponsabilidad Gremial Vitivin&iacute;cola.<\/div>\n<div id=\"m_4776074371384763968yui_3_16_0_1_1487943392818_15730\"><span lang=\"ES-AR\">&nbsp;<\/span><\/div>\n<div id=\"m_4776074371384763968yui_3_16_0_1_1487943392818_15733\"><span id=\"m_4776074371384763968yui_3_16_0_1_1487943392818_15734\" lang=\"ES-AR\">Del ciclo de charlas, que comenz&oacute; en Tupungato y sigui&oacute; en Jun&iacute;n, participaron cerca de un centenar de productores y contadores p&uacute;blicos interesados en comprender los alcances del plan y la forma de suscripci&oacute;n.<\/span><\/div>\n<div id=\"m_4776074371384763968yui_3_16_0_1_1487943392818_15733\"><span lang=\"ES-AR\">&nbsp;<\/span><\/div>\n<div id=\"m_4776074371384763968yui_3_16_0_1_1487943392818_15736\"><span id=\"m_4776074371384763968yui_3_16_0_1_1487943392818_15737\" lang=\"ES-AR\">A partir del primer d&iacute;a h&aacute;bil de la semana pr&oacute;xima, continuar&aacute;n los talleres con el fin de que los productores puedan iniciar los tr&aacute;mites correspondientes en tiempo y forma, debido a que una vez que el deudor moroso reciba la carta del INV inst&aacute;ndolo a suscribirse al plan de pagos, el titular tiene diez d&iacute;as h&aacute;biles para comenzar las gestiones de cancelaci&oacute;n de deuda.<\/span><\/div>\n<div id=\"m_4776074371384763968yui_3_16_0_1_1487943392818_15736\"><span lang=\"ES-AR\">&nbsp;<\/span><\/div>\n<div id=\"m_4776074371384763968yui_3_16_0_1_1487943392818_15739\"><span id=\"m_4776074371384763968yui_3_16_0_1_1487943392818_15740\" lang=\"ES-AR\">Cabe recordar que la asistencia de los productores o sus respectivos contadores a las capacitaciones es de vital importancia para comprender los alcances de la nueva disposici&oacute;n y las formas de adhesi&oacute;n al plan que rige hasta el 31 de marzo de este a&ntilde;o.<\/span><\/div>\n<div id=\"m_4776074371384763968yui_3_16_0_1_1487943392818_15739\"><span lang=\"ES-AR\">&nbsp;<\/span><\/div>\n<div id=\"m_4776074371384763968yui_3_16_0_1_1487943392818_15742\"><span id=\"m_4776074371384763968yui_3_16_0_1_1487943392818_15743\" lang=\"ES-AR\">El mi&eacute;rcoles 1 de marzo, en el sal&oacute;n Centauro del Consejo Profesional de Ciencias Econ&oacute;micas, de Ciudad de Mendoza, se realizar&aacute; un nuevo encuentro de formaci&oacute;n que estar&aacute; a cargo <span id=\"m_4776074371384763968yui_3_16_0_1_1487943392818_15744\">Gladys Valles, Florencia Balbini de AFIP Regional Cuyo y de representantes de la delegaci&oacute;n Cuyo del Ministerio de Empleo de la<\/span> <span id=\"m_4776074371384763968yui_3_16_0_1_1487943392818_15745\">Naci&oacute;n, de la Coordinaci&oacute;n de Corresponsabilidad Gremial del INV y<\/span> <span id=\"m_4776074371384763968yui_3_16_0_1_1487943392818_15746\">de la Direcci&oacute;n de Agricultura Familiar de Mendoza.<\/span><\/span><\/div>\n<div id=\"m_4776074371384763968yui_3_16_0_1_1487943392818_15742\"><span lang=\"ES-AR\">&nbsp;<\/span><\/div>\n<div id=\"m_4776074371384763968yui_3_16_0_1_1487943392818_15748\"><span id=\"m_4776074371384763968yui_3_16_0_1_1487943392818_15749\" lang=\"ES-AR\">La pol&iacute;tica moratoria dispuesta por el Gobierno, beneficia a m&aacute;s de 6.000 productores vitivin&iacute;colas que poseen deudas por la tarifa sustitutiva del Convenio de Corresponsabilidad Gremial durante los per&iacute;odos 2012-2013-2014-2015.<\/span><\/div>\n<div id=\"m_4776074371384763968yui_3_16_0_1_1487943392818_15748\"><span lang=\"ES-AR\">&nbsp;<\/span><\/div>\n<div id=\"m_4776074371384763968yui_3_16_0_1_1487943392818_15751\"><span id=\"m_4776074371384763968yui_3_16_0_1_1487943392818_15752\" lang=\"ES-AR\">De adherir todos los que se encuentran en mora, se liberar&iacute;an 18 millones de litros de vino retenidos en garant&iacute;a.<\/span><\/div>\n<div id=\"m_4776074371384763968yui_3_16_0_1_1487943392818_15751\"><span lang=\"ES-AR\">&nbsp;<\/span><\/div>\n<div id=\"m_4776074371384763968yui_3_16_0_1_1487943392818_15754\"><span id=\"m_4776074371384763968yui_3_16_0_1_1487943392818_15755\" lang=\"ES-AR\">La actividad continuar&aacute; la semana siguiente a la Vendimia para brindar los mismos detalles a los productores vit&iacute;colas del Sur, el &uacute;ltimo oasis.<\/span><\/div>\n<div id=\"m_4776074371384763968yui_3_16_0_1_1487943392818_15754\"><span lang=\"ES-AR\">&nbsp;<\/span><\/div>\n<div id=\"m_4776074371384763968yui_3_16_0_1_1487943392818_15757\"><b id=\"m_4776074371384763968yui_3_16_0_1_1487943392818_15758\">Formas de cancelaci&oacute;n<\/b><\/div>\n<div id=\"m_4776074371384763968yui_3_16_0_1_1487943392818_15757\"><b>&nbsp;<\/b><\/div>\n<div id=\"m_4776074371384763968yui_3_16_0_1_1487943392818_15760\"><span id=\"m_4776074371384763968yui_3_16_0_1_1487943392818_15761\" lang=\"ES-AR\">Una vez que el productor reciba una carta invit&aacute;ndolo a adherir a la moratoria podr&aacute; cancelarla mediante las siguientes formas:<\/span><\/div>\n<div id=\"m_4776074371384763968yui_3_16_0_1_1487943392818_15762\"><span id=\"m_4776074371384763968yui_3_16_0_1_1487943392818_15763\" lang=\"ES-AR\">&ndash;<span id=\"m_4776074371384763968yui_3_16_0_1_1487943392818_15764\">&nbsp;&nbsp;&nbsp;&nbsp;&nbsp;&nbsp;&nbsp;&nbsp;&nbsp; <\/span><\/span><span id=\"m_4776074371384763968yui_3_16_0_1_1487943392818_15765\" lang=\"ES-AR\">Pago contado con una reducci&oacute;n del 15% de la deuda.<\/span><\/div>\n<div id=\"m_4776074371384763968yui_3_16_0_1_1487943392818_15766\"><span id=\"m_4776074371384763968yui_3_16_0_1_1487943392818_15767\" lang=\"ES-AR\">&ndash;<span id=\"m_4776074371384763968yui_3_16_0_1_1487943392818_15768\">&nbsp;&nbsp;&nbsp;&nbsp;&nbsp;&nbsp;&nbsp;&nbsp;&nbsp; <\/span><\/span><span id=\"m_4776074371384763968yui_3_16_0_1_1487943392818_15769\" lang=\"ES-AR\">Pago a cuenta del 5% de la deuda y el saldo restante hasta en 60 cuotas con un inter&eacute;s mensual del 1,5%<\/span><\/div>\n<div id=\"m_4776074371384763968yui_3_16_0_1_1487943392818_15770\"><span id=\"m_4776074371384763968yui_3_16_0_1_1487943392818_15771\" lang=\"ES-AR\">&ndash;<span id=\"m_4776074371384763968yui_3_16_0_1_1487943392818_15772\">&nbsp;&nbsp;&nbsp;&nbsp;&nbsp;&nbsp;&nbsp;&nbsp;&nbsp; <\/span><\/span><span id=\"m_4776074371384763968yui_3_16_0_1_1487943392818_15773\" lang=\"ES-AR\">Las medianas empresas y los grandes contribuyentes podr&aacute;n ingresar un pago a cuenta equivalente al 15% de la deuda y el saldo hasta 90 cuotas, con un inter&eacute;s del 1,5%<\/span><\/div>\n<div id=\"m_4776074371384763968yui_3_16_0_1_1487943392818_15774\"><span id=\"m_4776074371384763968yui_3_16_0_1_1487943392818_15775\" lang=\"ES-AR\">&ndash;<span id=\"m_4776074371384763968yui_3_16_0_1_1487943392818_15776\">&nbsp;&nbsp;&nbsp;&nbsp;&nbsp;&nbsp;&nbsp;&nbsp;&nbsp; <\/span><\/span><span id=\"m_4776074371384763968yui_3_16_0_1_1487943392818_15777\" lang=\"ES-AR\">Para los contribuyentes que al 23 de julio de 2016 se encuentren alcanzados por las declaraciones de emergencia y\/o desastre agropecuario, el plan ser&aacute; de hasta 90 cuotas con un inter&eacute;s del 1% mensual.<\/span><\/div>\n<div>&nbsp;<span id=\"m_4776074371384763968yui_3_16_0_1_1487943392818_15779\" lang=\"ES-AR\">&ndash;<span id=\"m_4776074371384763968yui_3_16_0_1_1487943392818_15780\">&nbsp;&nbsp;&nbsp;&nbsp;&nbsp;&nbsp;&nbsp;&nbsp;&nbsp; <\/span><\/span><span id=\"m_4776074371384763968yui_3_16_0_1_1487943392818_15781\" lang=\"ES-AR\">El plan admite la cancelaci&oacute;n anticipada&nbsp;<\/span><\/div>\n<\/div>\n<div class=\"yj6qo\"><\/div>\n<\/div>\n<div id=\":1nv\" class=\"hq gt a10\"><\/div>\n<\/body><\/html>\n","protected":false},"excerpt":{"rendered":"Los\u00a0 cursos de instrucci\u00f3n para adherir a la moratoria que lanz\u00f3 el Gobierno continuar\u00e1n la semana pr\u00f3xima. El mi\u00e9rcoles 1 de marzo, se har\u00e1 en el Consejo Profesional de Ciencias Econ\u00f3micas.\n","protected":false},"author":2,"featured_media":81556,"comment_status":"open","ping_status":"open","sticky":false,"template":"","format":"standard","meta":[],"categories":[1],"tags":[],"_links":{"self":[{"href":"https:\/\/www.mendoza.gov.ar\/prensa\/wp-json\/wp\/v2\/posts\/81555"}],"collection":[{"href":"https:\/\/www.mendoza.gov.ar\/prensa\/wp-json\/wp\/v2\/posts"}],"about":[{"href":"https:\/\/www.mendoza.gov.ar\/prensa\/wp-json\/wp\/v2\/types\/post"}],"author":[{"embeddable":true,"href":"https:\/\/www.mendoza.gov.ar\/prensa\/wp-json\/wp\/v2\/users\/2"}],"replies":[{"embeddable":true,"href":"https:\/\/www.mendoza.gov.ar\/prensa\/wp-json\/wp\/v2\/comments?post=81555"}],"version-history":[{"count":0,"href":"https:\/\/www.mendoza.gov.ar\/prensa\/wp-json\/wp\/v2\/posts\/81555\/revisions"}],"wp:featuredmedia":[{"embeddable":true,"href":"https:\/\/www.mendoza.gov.ar\/prensa\/wp-json\/wp\/v2\/media\/81556"}],"wp:attachment":[{"href":"https:\/\/www.mendoza.gov.ar\/prensa\/wp-json\/wp\/v2\/media?parent=81555"}],"wp:term":[{"taxonomy":"category","embeddable":true,"href":"https:\/\/www.mendoza.gov.ar\/prensa\/wp-json\/wp\/v2\/categories?post=81555"},{"taxonomy":"post_tag","embeddable":true,"href":"https:\/\/www.mendoza.gov.ar\/prensa\/wp-json\/wp\/v2\/tags?post=81555"}],"curies":[{"name":"wp","href":"https:\/\/api.w.org\/{rel}","templated":true}]}}