{"id":81558,"date":"2017-02-28T09:41:39","date_gmt":"2017-02-28T12:41:39","guid":{"rendered":"http:\/\/prensa.mendoza.gov.ar\/?p=81558"},"modified":"2017-02-28T09:41:39","modified_gmt":"2017-02-28T12:41:39","slug":"los-pilotos-de-la-lucha-antigranizo-se-capacitaron-en-medidas-de-seguridad-operativa","status":"publish","type":"post","link":"https:\/\/www.mendoza.gov.ar\/prensa\/los-pilotos-de-la-lucha-antigranizo-se-capacitaron-en-medidas-de-seguridad-operativa\/","title":{"rendered":"Los pilotos de Lucha Antigranizo se capacitaron en medidas de seguridad"},"content":{"rendered":"<!DOCTYPE html PUBLIC \"-\/\/W3C\/\/DTD HTML 4.0 Transitional\/\/EN\" \"http:\/\/www.w3.org\/TR\/REC-html40\/loose.dtd\">\n<html><body><div id=\":11q\" class=\"ii gt adP adO\">\n<div id=\":28c\" class=\"a3s aXjCH m15a709a3e3b9d71e\">\n<div id=\"m_-7135183878809834502yui_3_16_0_1_1487943392818_18893\">Los pilotos de la Lucha Antigranizo, dependiente de la Direcci&oacute;n de Agricultura y Contingencias Clim&aacute;ticas (DACC), fueron capacitados por un instructor de la Asociaci&oacute;n de Pilotos de L&iacute;neas A&eacute;reas (APLA ). Esta iniciativa surgi&oacute; gracias a la gesti&oacute;n del Ministerio de Econom&iacute;a, Infraestructura y Energ&iacute;a y de los representantes de la comisi&oacute;n directiva de APLA, durante la &uacute;ltima reuni&oacute;n entre las partes.<\/div>\n<div id=\"m_-7135183878809834502yui_3_16_0_1_1487943392818_18905\"><\/div>\n<div id=\"m_-7135183878809834502yui_3_16_0_1_1487943392818_18907\">El encuentro se realiz&oacute; en el Hangar N&ordm; 7 de la IV Brigada A&eacute;rea, base de trabajo de la Lucha Antigranizo. Estuvieron presentes los pilotos que actualmente se desempe&ntilde;an en la campa&ntilde;a. Algunos de los temas que se dictaron durante el curso fueron factores humanos, p&eacute;rdida de control en vuelo, sistemas de manejo de seguridad y nuevos horizontes en la aviaci&oacute;n general.<\/div>\n<div id=\"m_-7135183878809834502yui_3_16_0_1_1487943392818_18909\"><\/div>\n<div id=\"m_-7135183878809834502yui_3_16_0_1_1487943392818_18911\">El cuerpo de pilotos destac&oacute; como muy positiva la iniciativa, la modalidad interactiva y la importancia de relacionar el aspecto humano con la aviaci&oacute;n (base de la charla). Pudieron tambi&eacute;n estudiar a trav&eacute;s de un video un caso en particular: el ambiente de <em>engelamiento<\/em> (congelamiento de las gotas de agua que impactan sobre la estructura de un avi&oacute;n en vuelo) severo, que por el tipo de trabajo que realizan los aviones y por las condiciones clim&aacute;ticas a las que se ven expuestos, resulta de mucha importancia analizar.<\/div>\n<div id=\"m_-7135183878809834502yui_3_16_0_1_1487943392818_18913\"><\/div>\n<div>Esta es la primera capacitaci&oacute;n de la mano de APLA que los pilotos de la Lucha Antigranizo reciben y est&aacute; planificada una nueva charla para marzo. La idea es que m&aacute;s adelante sigan realizando este tipo de actividades, incluso durante la campa&ntilde;a, para continuar elevando los est&aacute;ndares de calidad con los que se trabajan, apuntando a la mejora permanente.<\/div>\n<\/div>\n<div class=\"yj6qo\"><\/div>\n<\/div>\n<div id=\":1pv\" class=\"hq gt a10\"><\/div>\n<\/body><\/html>\n","protected":false},"excerpt":{"rendered":"T\u00e9cnicos de la Direcci\u00f3n de Agricultura y Contingencias Clim\u00e1ticas y personal de la Asociaci\u00f3n de Pilotos de L\u00edneas A\u00e9reas dictaron un curso de capacitaci\u00f3n en el Hangar N\u00ba 7 de la IV Brigada A\u00e9rea. Se trataron los factores humanos y la p\u00e9rdida de control en vuelo.","protected":false},"author":2,"featured_media":81561,"comment_status":"open","ping_status":"open","sticky":false,"template":"","format":"standard","meta":[],"categories":[1],"tags":[],"_links":{"self":[{"href":"https:\/\/www.mendoza.gov.ar\/prensa\/wp-json\/wp\/v2\/posts\/81558"}],"collection":[{"href":"https:\/\/www.mendoza.gov.ar\/prensa\/wp-json\/wp\/v2\/posts"}],"about":[{"href":"https:\/\/www.mendoza.gov.ar\/prensa\/wp-json\/wp\/v2\/types\/post"}],"author":[{"embeddable":true,"href":"https:\/\/www.mendoza.gov.ar\/prensa\/wp-json\/wp\/v2\/users\/2"}],"replies":[{"embeddable":true,"href":"https:\/\/www.mendoza.gov.ar\/prensa\/wp-json\/wp\/v2\/comments?post=81558"}],"version-history":[{"count":0,"href":"https:\/\/www.mendoza.gov.ar\/prensa\/wp-json\/wp\/v2\/posts\/81558\/revisions"}],"wp:featuredmedia":[{"embeddable":true,"href":"https:\/\/www.mendoza.gov.ar\/prensa\/wp-json\/wp\/v2\/media\/81561"}],"wp:attachment":[{"href":"https:\/\/www.mendoza.gov.ar\/prensa\/wp-json\/wp\/v2\/media?parent=81558"}],"wp:term":[{"taxonomy":"category","embeddable":true,"href":"https:\/\/www.mendoza.gov.ar\/prensa\/wp-json\/wp\/v2\/categories?post=81558"},{"taxonomy":"post_tag","embeddable":true,"href":"https:\/\/www.mendoza.gov.ar\/prensa\/wp-json\/wp\/v2\/tags?post=81558"}],"curies":[{"name":"wp","href":"https:\/\/api.w.org\/{rel}","templated":true}]}}