{"id":81618,"date":"2017-02-24T17:39:22","date_gmt":"2017-02-24T20:39:22","guid":{"rendered":"http:\/\/prensa.mendoza.gov.ar\/?p=81618"},"modified":"2017-02-24T17:39:22","modified_gmt":"2017-02-24T20:39:22","slug":"mendoza-ya-cuenta-con-dos-cinemometros-moviles","status":"publish","type":"post","link":"https:\/\/www.mendoza.gov.ar\/prensa\/mendoza-ya-cuenta-con-dos-cinemometros-moviles\/","title":{"rendered":"Mendoza ya cuenta con dos cinem\u00f3metros m\u00f3viles"},"content":{"rendered":"<!DOCTYPE html PUBLIC \"-\/\/W3C\/\/DTD HTML 4.0 Transitional\/\/EN\" \"http:\/\/www.w3.org\/TR\/REC-html40\/loose.dtd\">\n<html><body><p>Luego de las gestiones realizadas por la Unidad Ejecutiva de Seguridad Vial (UESV) ante la Agencia Nacional de Seguridad Vial (ANSV), la provincia cuenta con dos cinem&oacute;metros m&oacute;vil que ser&aacute;n utilizados por la Polic&iacute;a Vial en futuros operativos de tr&aacute;nsito.<\/p>\n<p>Los equipos estaban en poder de la provincia luego que la ANSV se los cediera en comodato. &nbsp;Sin embargo, con el tiempo dejaron de usarse por fallas t&eacute;cnicas y porque faltaba la habilitaci&oacute;n por parte del Instituto Nacional de Tecnolog&iacute;a Industrial.<\/p>\n<p><a href=\"https:\/\/www.mendoza.gov.ar\/prensa\/wp-content\/uploads\/sites\/23\/Entrega-Radares-Seguridad-Vial-009-Prensa-Gobierno-24-02-17.jpg\"><img loading=\"lazy\" class=\"alignnone wp-image-81620 img-responsive center-block\" src=\"https:\/\/www.mendoza.gov.ar\/prensa\/wp-content\/uploads\/sites\/23\/Entrega-Radares-Seguridad-Vial-009-Prensa-Gobierno-24-02-17.jpg\" alt=\"\" width=\"650\" height=\"432\"><\/a><\/p>\n<p>La UESV logr&oacute;, &nbsp;despu&eacute;s de varios intentos, enviar los equipos a Buenos Aires para su reparaci&oacute;n y para su posterior homologaci&oacute;n por parte del INTI.<\/p>\n<p>Los cinem&oacute;metros son radares que detectan autom&aacute;ticamente las infracciones cometidas por exceso de velocidad, generando una evidencia gr&aacute;fica de las mismas.<\/p>\n<p>&ldquo;Despu&eacute;s de muchos meses de trabajo,&nbsp; hoy podemos anunciar que Mendoza tendr&aacute; sus propios radares para que operen durante todo el 2017 y para lo cual el Gobierno no tuvo que realizar ning&uacute;n gasto&rdquo;, expres&oacute; Leonardo Yapur, director de la Unidad Ejecutiva de Seguridad Vial.<\/p>\n<\/body><\/html>\n","protected":false},"excerpt":{"rendered":"Se trata  de radares que detectan autom\u00e1ticamente las infracciones por velocidad. Estar\u00e1n bajo la \u00f3rbita de la Polic\u00eda Vial de Mendoza y ser\u00e1n utilizados en diversos operativos.","protected":false},"author":2,"featured_media":81619,"comment_status":"open","ping_status":"open","sticky":false,"template":"","format":"standard","meta":[],"categories":[34],"tags":[],"_links":{"self":[{"href":"https:\/\/www.mendoza.gov.ar\/prensa\/wp-json\/wp\/v2\/posts\/81618"}],"collection":[{"href":"https:\/\/www.mendoza.gov.ar\/prensa\/wp-json\/wp\/v2\/posts"}],"about":[{"href":"https:\/\/www.mendoza.gov.ar\/prensa\/wp-json\/wp\/v2\/types\/post"}],"author":[{"embeddable":true,"href":"https:\/\/www.mendoza.gov.ar\/prensa\/wp-json\/wp\/v2\/users\/2"}],"replies":[{"embeddable":true,"href":"https:\/\/www.mendoza.gov.ar\/prensa\/wp-json\/wp\/v2\/comments?post=81618"}],"version-history":[{"count":0,"href":"https:\/\/www.mendoza.gov.ar\/prensa\/wp-json\/wp\/v2\/posts\/81618\/revisions"}],"wp:featuredmedia":[{"embeddable":true,"href":"https:\/\/www.mendoza.gov.ar\/prensa\/wp-json\/wp\/v2\/media\/81619"}],"wp:attachment":[{"href":"https:\/\/www.mendoza.gov.ar\/prensa\/wp-json\/wp\/v2\/media?parent=81618"}],"wp:term":[{"taxonomy":"category","embeddable":true,"href":"https:\/\/www.mendoza.gov.ar\/prensa\/wp-json\/wp\/v2\/categories?post=81618"},{"taxonomy":"post_tag","embeddable":true,"href":"https:\/\/www.mendoza.gov.ar\/prensa\/wp-json\/wp\/v2\/tags?post=81618"}],"curies":[{"name":"wp","href":"https:\/\/api.w.org\/{rel}","templated":true}]}}