{"id":81635,"date":"2017-02-27T09:00:23","date_gmt":"2017-02-27T12:00:23","guid":{"rendered":"http:\/\/prensa.mendoza.gov.ar\/?p=81635"},"modified":"2017-02-27T09:00:23","modified_gmt":"2017-02-27T12:00:23","slug":"se-modificaran-las-paradas-del-trole-en-plaza-san-martin","status":"publish","type":"post","link":"https:\/\/www.mendoza.gov.ar\/prensa\/se-modificaran-las-paradas-del-trole-en-plaza-san-martin\/","title":{"rendered":"Se modificar\u00e1n las paradas del trole en Plaza San Mart\u00edn"},"content":{"rendered":"<!DOCTYPE html PUBLIC \"-\/\/W3C\/\/DTD HTML 4.0 Transitional\/\/EN\" \"http:\/\/www.w3.org\/TR\/REC-html40\/loose.dtd\">\n<html><body><p>El 1 de marzo comienzan los trabajos de remodelaci&oacute;n de la Plaza San Mart&iacute;n y se realizar&aacute; un cierre total del&nbsp; per&iacute;metro, bloqueando las paradas de las l&iacute;neas de trole.<\/p>\n<p>Las paradas que estar&aacute;n vigentes hasta que finalicen las obras, se trasladar&aacute;n a las siguientes intersecciones:<\/p>\n<p>Trole Pellegrini &ndash; UNC &ndash; Dorrego &ndash; Villa Nueva<\/p>\n<p>&ndash; Avenida Espa&ntilde;a y Espejo.<\/p>\n<p>&ndash; Avenida Espa&ntilde;a y General Paz.<\/p>\n<p>&ndash; 9 de Julio entre Godoy Cruz y General Paz.<\/p>\n<p>&ndash; 9 de Julio y Peatonal.<\/p>\n<p>Trole Pedro Molina-Unimev<\/p>\n<p>&ndash; 9 de Julio entre Godoy Cruz y Gral. Paz.<\/p>\n<p>&ndash; Lavalle entre Av. San Mart&iacute;n y San Juan.<\/p>\n<p>&nbsp;<\/p>\n<\/body><\/html>\n","protected":false},"excerpt":{"rendered":"Ser\u00e1 a partir del pr\u00f3ximo mi\u00e9rcoles, 1 de marzo. El traslado se debe a las obras de remodelaci\u00f3n del paseo.","protected":false},"author":2,"featured_media":81636,"comment_status":"open","ping_status":"open","sticky":false,"template":"","format":"standard","meta":[],"categories":[34],"tags":[],"_links":{"self":[{"href":"https:\/\/www.mendoza.gov.ar\/prensa\/wp-json\/wp\/v2\/posts\/81635"}],"collection":[{"href":"https:\/\/www.mendoza.gov.ar\/prensa\/wp-json\/wp\/v2\/posts"}],"about":[{"href":"https:\/\/www.mendoza.gov.ar\/prensa\/wp-json\/wp\/v2\/types\/post"}],"author":[{"embeddable":true,"href":"https:\/\/www.mendoza.gov.ar\/prensa\/wp-json\/wp\/v2\/users\/2"}],"replies":[{"embeddable":true,"href":"https:\/\/www.mendoza.gov.ar\/prensa\/wp-json\/wp\/v2\/comments?post=81635"}],"version-history":[{"count":0,"href":"https:\/\/www.mendoza.gov.ar\/prensa\/wp-json\/wp\/v2\/posts\/81635\/revisions"}],"wp:featuredmedia":[{"embeddable":true,"href":"https:\/\/www.mendoza.gov.ar\/prensa\/wp-json\/wp\/v2\/media\/81636"}],"wp:attachment":[{"href":"https:\/\/www.mendoza.gov.ar\/prensa\/wp-json\/wp\/v2\/media?parent=81635"}],"wp:term":[{"taxonomy":"category","embeddable":true,"href":"https:\/\/www.mendoza.gov.ar\/prensa\/wp-json\/wp\/v2\/categories?post=81635"},{"taxonomy":"post_tag","embeddable":true,"href":"https:\/\/www.mendoza.gov.ar\/prensa\/wp-json\/wp\/v2\/tags?post=81635"}],"curies":[{"name":"wp","href":"https:\/\/api.w.org\/{rel}","templated":true}]}}