{"id":81687,"date":"2017-02-25T15:03:57","date_gmt":"2017-02-25T18:03:57","guid":{"rendered":"http:\/\/prensa.mendoza.gov.ar\/?p=81687"},"modified":"2017-02-25T15:03:57","modified_gmt":"2017-02-25T18:03:57","slug":"lucha-antigranizo-se-realizaron-tareas-de-mitigacion-en-los-cuatro-oasis","status":"publish","type":"post","link":"https:\/\/www.mendoza.gov.ar\/prensa\/lucha-antigranizo-se-realizaron-tareas-de-mitigacion-en-los-cuatro-oasis\/","title":{"rendered":"Lucha Antigranizo: se realizaron tareas de mitigaci\u00f3n en los cuatro oasis"},"content":{"rendered":"<!DOCTYPE html PUBLIC \"-\/\/W3C\/\/DTD HTML 4.0 Transitional\/\/EN\" \"http:\/\/www.w3.org\/TR\/REC-html40\/loose.dtd\">\n<html><body><p>El Sistema Integral de Lucha Antigranizo despleg&oacute; toda su capacidad en la jornada del viernes. Las aeronaves trabajaron por m&aacute;s de 10 horas en los oasis, Norte, Este y Sur, y en el Valle de Uco, y la red de generadores de superficie oper&oacute; durante seis horas. Las tormentas que se observaron &nbsp;provocaron precipitaciones en todo el territorio.<\/p>\n<p>En el norte se observaron lluvias intensas que afectaron toda la superficie de Las Heras, Capital, Lavalle, Godoy Cruz, Guaymall&eacute;n. Adem&aacute;s se registr&oacute; granizo peque&ntilde;o en Maip&uacute; (Sur de Barrancas) y Lavalle (Costa de Araujo).<\/p>\n<p>En el oasis Este se observaron lluvias fuertes en San Martin, Jun&iacute;n, Rivadavia y Santa Rosa, y granizo peque&ntilde;o en Santa Rosa (Villa de Santa Rosa).<\/p>\n<p>En las &aacute;reas cultivadas del Valle de Uco se detectaron lluvias moderadas que afectaron a San Carlos (Pareditas, Chilecito, Altamira), Tupungato (La Arboleda, El Peral, San Jos&eacute;, Cord&oacute;n del Plata y El Zampal) y Tunuy&aacute;n (Vista Flores, Agua Amarga y El Totoral).<\/p>\n<p>En tanto, en el Sur se registraron lluvias moderas en todo el oasis y lluvia fuerte con granizo en San Rafael (Jaime Prats, noreste de Jaime Prats, este de Real del Padre, Monte Coman, este de Soitue) y en General Alvear (este de Alvear y sur de Los Compartos y Sur de Carmensa).<\/p>\n<p>Para este s&aacute;bado el pron&oacute;stico de la Direcci&oacute;n de Agricultura y Contingencias Clim&aacute;ticas se&ntilde;ala: muy inestable, tormentas de intensidad moderada a severa desde la tarde (entre las 15 y la 1 ) en los oasis productivos y en sector de precordillera.<\/p>\n<\/body><\/html>\n","protected":false},"excerpt":{"rendered":"Los aviones operaron m\u00e1s de 10 horas y estuvo activa la red de generadores de superficie. Se observ\u00f3 granizo peque\u00f1o en algunas \u00e1reas cultivadas. Contin\u00faan las tormentas.","protected":false},"author":2,"featured_media":81688,"comment_status":"open","ping_status":"open","sticky":false,"template":"","format":"standard","meta":[],"categories":[1],"tags":[],"_links":{"self":[{"href":"https:\/\/www.mendoza.gov.ar\/prensa\/wp-json\/wp\/v2\/posts\/81687"}],"collection":[{"href":"https:\/\/www.mendoza.gov.ar\/prensa\/wp-json\/wp\/v2\/posts"}],"about":[{"href":"https:\/\/www.mendoza.gov.ar\/prensa\/wp-json\/wp\/v2\/types\/post"}],"author":[{"embeddable":true,"href":"https:\/\/www.mendoza.gov.ar\/prensa\/wp-json\/wp\/v2\/users\/2"}],"replies":[{"embeddable":true,"href":"https:\/\/www.mendoza.gov.ar\/prensa\/wp-json\/wp\/v2\/comments?post=81687"}],"version-history":[{"count":0,"href":"https:\/\/www.mendoza.gov.ar\/prensa\/wp-json\/wp\/v2\/posts\/81687\/revisions"}],"wp:featuredmedia":[{"embeddable":true,"href":"https:\/\/www.mendoza.gov.ar\/prensa\/wp-json\/wp\/v2\/media\/81688"}],"wp:attachment":[{"href":"https:\/\/www.mendoza.gov.ar\/prensa\/wp-json\/wp\/v2\/media?parent=81687"}],"wp:term":[{"taxonomy":"category","embeddable":true,"href":"https:\/\/www.mendoza.gov.ar\/prensa\/wp-json\/wp\/v2\/categories?post=81687"},{"taxonomy":"post_tag","embeddable":true,"href":"https:\/\/www.mendoza.gov.ar\/prensa\/wp-json\/wp\/v2\/tags?post=81687"}],"curies":[{"name":"wp","href":"https:\/\/api.w.org\/{rel}","templated":true}]}}