{"id":82021,"date":"2017-03-02T13:04:09","date_gmt":"2017-03-02T16:04:09","guid":{"rendered":"http:\/\/prensa.mendoza.gov.ar\/?p=82021"},"modified":"2017-03-02T13:04:09","modified_gmt":"2017-03-02T16:04:09","slug":"nuevo-desvio-de-transporte-en-guaymallen","status":"publish","type":"post","link":"https:\/\/www.mendoza.gov.ar\/prensa\/nuevo-desvio-de-transporte-en-guaymallen\/","title":{"rendered":"Nuevo desv\u00edo de transporte en Guaymall\u00e9n"},"content":{"rendered":"<!DOCTYPE html PUBLIC \"-\/\/W3C\/\/DTD HTML 4.0 Transitional\/\/EN\" \"http:\/\/www.w3.org\/TR\/REC-html40\/loose.dtd\">\n<html><body><p>Por los trabajos de reparaci&oacute;n desarrollados por la Municipalidad de Guaymall&eacute;n en la rotonda de Remedios de Escalada y Progreso, habr&aacute; desv&iacute;os de transporte durante 30 d&iacute;as.<\/p>\n<p>Los servicios afectad0s son los siguientes:<\/p>\n<ul>\n<li><strong>Grupo 7 <em>l&iacute;nea 122<\/em><\/strong><\/li>\n<li><strong>Grupo 1 <em>l&iacute;nea 13<\/em><\/strong><\/li>\n<li><strong>Grupo 3 <em>l&iacute;nea 31, 33 y 35<\/em><\/strong><\/li>\n<li><strong>Grupo 10 <em>l&iacute;nea 174<\/em><\/strong><\/li>\n<\/ul>\n<p>Todos los servicios mencionados tomar&aacute;n temporalmente por Cervantes, &Aacute;lvarez Thomas, Florencio S&aacute;nchez, Azopardo y luego su traza habitual.<\/p>\n<\/body><\/html>\n","protected":false},"excerpt":{"rendered":"Se extender\u00e1 por 30 d\u00edas en la rotonda de Remedios de Escalada y Progreso de Guaymall\u00e9n.","protected":false},"author":2,"featured_media":0,"comment_status":"open","ping_status":"open","sticky":false,"template":"","format":"standard","meta":[],"categories":[34],"tags":[],"_links":{"self":[{"href":"https:\/\/www.mendoza.gov.ar\/prensa\/wp-json\/wp\/v2\/posts\/82021"}],"collection":[{"href":"https:\/\/www.mendoza.gov.ar\/prensa\/wp-json\/wp\/v2\/posts"}],"about":[{"href":"https:\/\/www.mendoza.gov.ar\/prensa\/wp-json\/wp\/v2\/types\/post"}],"author":[{"embeddable":true,"href":"https:\/\/www.mendoza.gov.ar\/prensa\/wp-json\/wp\/v2\/users\/2"}],"replies":[{"embeddable":true,"href":"https:\/\/www.mendoza.gov.ar\/prensa\/wp-json\/wp\/v2\/comments?post=82021"}],"version-history":[{"count":0,"href":"https:\/\/www.mendoza.gov.ar\/prensa\/wp-json\/wp\/v2\/posts\/82021\/revisions"}],"wp:attachment":[{"href":"https:\/\/www.mendoza.gov.ar\/prensa\/wp-json\/wp\/v2\/media?parent=82021"}],"wp:term":[{"taxonomy":"category","embeddable":true,"href":"https:\/\/www.mendoza.gov.ar\/prensa\/wp-json\/wp\/v2\/categories?post=82021"},{"taxonomy":"post_tag","embeddable":true,"href":"https:\/\/www.mendoza.gov.ar\/prensa\/wp-json\/wp\/v2\/tags?post=82021"}],"curies":[{"name":"wp","href":"https:\/\/api.w.org\/{rel}","templated":true}]}}