{"id":82337,"date":"2017-03-04T11:17:47","date_gmt":"2017-03-04T14:17:47","guid":{"rendered":"http:\/\/prensa.mendoza.gov.ar\/?p=82337"},"modified":"2017-03-04T11:17:47","modified_gmt":"2017-03-04T14:17:47","slug":"vaquie-y-buryaile-entregaron-aportes-no-reintegrables-4-millones-de-pesos-a-productores-vitivinicolas","status":"publish","type":"post","link":"https:\/\/www.mendoza.gov.ar\/prensa\/vaquie-y-buryaile-entregaron-aportes-no-reintegrables-4-millones-de-pesos-a-productores-vitivinicolas\/","title":{"rendered":"Vaqui\u00e9 y Buryaile entregaron Aportes No Reintegrables 4 millones de pesos a productores vitivin\u00edcolas"},"content":{"rendered":"<!DOCTYPE html PUBLIC \"-\/\/W3C\/\/DTD HTML 4.0 Transitional\/\/EN\" \"http:\/\/www.w3.org\/TR\/REC-html40\/loose.dtd\">\n<html><body><p>La entrega se realiz&oacute; en la Casa de Gobierno de la provincia, junto Enrique Vaqui&eacute;, ministro de Econom&iacute;a, Infraestructura y Energ&iacute;a de Mendoza; y Alejandro Gennari, coordinador Ejecutivo de la Unidad para el Cambio Rural (UCAR).<\/p>\n<p>En este contexto, Buryaile destac&oacute; el rol del productor en las diferentes cadenas y principalmente se&ntilde;al&oacute; que &ldquo;es clave su involucramiento para lograr mejoras sanitarias que dar&aacute;n paso a la competitividad&rdquo;.<\/p>\n<p>&ldquo;A trav&eacute;s de estos Aportes No Reintegrables, como Estado estamos otorgando herramientas que permitan peque&ntilde;os productores y cooperativas agreguen valor a su trabajo&rdquo;, agreg&oacute; el funcionario nacional.<\/p>\n<p>Son tres cooperativas y cuatro peque&ntilde;os productores de Jun&iacute;n, Lavalle, Tunuy&aacute;n y San Rafael que contar&aacute;n con financiamiento para inversi&oacute;n en maquinaria agr&iacute;cola, mallas antigranizo, tanques de acero inoxidable y plantas de tratamientos de afluentes.<\/p>\n<p>Por su parte, Vaqui&eacute; asegur&oacute;: &ldquo;Con estos fondos mejoramos la situaci&oacute;n de cientos de peque&ntilde;os productores vitivin&iacute;colas asociados&rdquo;. Adem&aacute;s, resalt&oacute;: &ldquo;Hab&iacute;amos comenzado con algunas restricciones presupuestarias pero siempre tuvimos el apoyo del Gobierno nacional para superarlas&rdquo;.<\/p>\n<p>Los aportes entregados benefician de manera directa a m&aacute;s de 400 productores primarios, socios activos de las cooperativas, y a m&aacute;s de 600 productores primarios que participan como terceros elaboradores o clientes habituales.<\/p>\n<p>Con este pago se logra ejecutar en tan solo un a&ntilde;o el 100% de los ANR en estos proyectos asociativos, dando muestra del compromiso de las cooperativas y del gobierno con el desarrollo de la vitivinicultura.<\/p>\n<\/body><\/html>\n","protected":false},"excerpt":{"rendered":"En el marco de la realizaci\u00f3n de la Vendimia 2017, los funcionarios entregaron Aportes No Reintegrables por $3.965.295 a cooperativistas y peque\u00f1os productores vitivin\u00edcolas de Mendoza. Hoy participaron en el tradicional desayuno de la COVIAR.","protected":false},"author":2,"featured_media":82338,"comment_status":"open","ping_status":"open","sticky":false,"template":"","format":"standard","meta":[],"categories":[1],"tags":[],"_links":{"self":[{"href":"https:\/\/www.mendoza.gov.ar\/prensa\/wp-json\/wp\/v2\/posts\/82337"}],"collection":[{"href":"https:\/\/www.mendoza.gov.ar\/prensa\/wp-json\/wp\/v2\/posts"}],"about":[{"href":"https:\/\/www.mendoza.gov.ar\/prensa\/wp-json\/wp\/v2\/types\/post"}],"author":[{"embeddable":true,"href":"https:\/\/www.mendoza.gov.ar\/prensa\/wp-json\/wp\/v2\/users\/2"}],"replies":[{"embeddable":true,"href":"https:\/\/www.mendoza.gov.ar\/prensa\/wp-json\/wp\/v2\/comments?post=82337"}],"version-history":[{"count":0,"href":"https:\/\/www.mendoza.gov.ar\/prensa\/wp-json\/wp\/v2\/posts\/82337\/revisions"}],"wp:featuredmedia":[{"embeddable":true,"href":"https:\/\/www.mendoza.gov.ar\/prensa\/wp-json\/wp\/v2\/media\/82338"}],"wp:attachment":[{"href":"https:\/\/www.mendoza.gov.ar\/prensa\/wp-json\/wp\/v2\/media?parent=82337"}],"wp:term":[{"taxonomy":"category","embeddable":true,"href":"https:\/\/www.mendoza.gov.ar\/prensa\/wp-json\/wp\/v2\/categories?post=82337"},{"taxonomy":"post_tag","embeddable":true,"href":"https:\/\/www.mendoza.gov.ar\/prensa\/wp-json\/wp\/v2\/tags?post=82337"}],"curies":[{"name":"wp","href":"https:\/\/api.w.org\/{rel}","templated":true}]}}