{"id":82396,"date":"2017-03-05T16:17:33","date_gmt":"2017-03-05T19:17:33","guid":{"rendered":"http:\/\/prensa.mendoza.gov.ar\/?p=82396"},"modified":"2017-03-05T16:17:33","modified_gmt":"2017-03-05T19:17:33","slug":"cornejo-mendoza-tiene-una-gran-potencialidad-en-la-argentina-de-hoy","status":"publish","type":"post","link":"https:\/\/www.mendoza.gov.ar\/prensa\/cornejo-mendoza-tiene-una-gran-potencialidad-en-la-argentina-de-hoy\/","title":{"rendered":"Cornejo: \u201cMendoza tiene una gran potencialidad en la Argentina de hoy\u201d"},"content":{"rendered":"<!DOCTYPE html PUBLIC \"-\/\/W3C\/\/DTD HTML 4.0 Transitional\/\/EN\" \"http:\/\/www.w3.org\/TR\/REC-html40\/loose.dtd\">\n<html><body><p>El Gobernador Alfredo Cornejo particip&oacute; del almuerzo del Cuerpo Consular en Bodega Vistalba, en el que tuvo contacto con los representantes de decenas de pa&iacute;ses.&nbsp; Es tradicional el arribo de representantes diplom&aacute;ticos a las celebraciones de Vendimia, ocasi&oacute;n que adem&aacute;s es una oportunidad para mostrar el perfil de nuestra provincia a quienes tienen la labor de realizar un intercambio cultural y pol&iacute;tico entre sus pa&iacute;ses y Mendoza<\/p>\n<p>En sus palabras frente a los diplom&aacute;ticos, Cornejo expres&oacute; el deseo de que hayan disfrutado de los actos culturales de los que han participado y los invit&oacute; a sumarse esta noche al acto central en el Frank Romero Day.<\/p>\n<p>Cornejo agradeci&oacute; la tarea activa que el Cuerpo Consular est&aacute; desarrollando en los &uacute;ltimos a&ntilde;os, especialmente el proyecto de feria educativa que est&aacute;n trabajando en conjunto con varias universidades.<\/p>\n<p>&ldquo;Mendoza tiene una potencialidad enorme en una Argentina abierta al mundo. Ustedes son nuestros aliados estrat&eacute;gicos&rdquo;.<\/p>\n<p><a href=\"https:\/\/www.mendoza.gov.ar\/prensa\/wp-content\/uploads\/sites\/23\/1DSC_0261.jpg\"><img loading=\"lazy\" class=\"alignnone wp-image-82399 img-responsive center-block\" src=\"https:\/\/www.mendoza.gov.ar\/prensa\/wp-content\/uploads\/sites\/23\/1DSC_0261.jpg\" alt=\"\" width=\"600\" height=\"399\"><\/a><\/p>\n<p>El Gobernador afirm&oacute; adem&aacute;s que en un trabajo coordinado y de divulgaci&oacute;n en el mundo con los c&oacute;nsules, se puede seguir logrando que la marca Mendoza se siga difundiendo en el planeta y que mantenga su prestigio.<\/p>\n<p>Juan Martin Schiappa De Azevedo,&nbsp; decano del Cuerpo Consular,&nbsp; abri&oacute; la reuni&oacute;n diciendo que es un momento especial para el encuentro, especialmente por lo que significa Vendimia para los mendocinos. &ldquo;Es importante este ya tradicional almuerzo donde nos encontramos para integrarnos a la sociedad mendocina, tratando de dejar un aporte y una huella&rdquo;, expres&oacute; Schiappa de Azevedo.<\/p>\n<p>Mencion&oacute; la realizaci&oacute;n de la Feria Superior Educativa, en la que participa el Cuerpo Consular con activo inter&eacute;s de los representantes diplom&aacute;ticos y en colaboraci&oacute;n con ocho universidades y el Gobierno de Mendoza.<\/p>\n<p><a href=\"https:\/\/www.mendoza.gov.ar\/prensa\/wp-content\/uploads\/sites\/23\/DSC_0403.jpg\"><img loading=\"lazy\" class=\"alignnone wp-image-82400 img-responsive center-block\" src=\"https:\/\/www.mendoza.gov.ar\/prensa\/wp-content\/uploads\/sites\/23\/DSC_0403.jpg\" alt=\"\" width=\"600\" height=\"403\"><\/a><\/p>\n<p>Al finalizar la reuni&oacute;n, el embajador de Argelia, Benouda Hamel, ley&oacute; una carta en la que agradeci&oacute; al Gobernador Cornejo la hospitalidad y su disposici&oacute;n para proyectar la provincia al mundo.<\/p>\n<p>Hamel tambi&eacute;n tuvo palabras elogiosas para con sus colegas del Cuerpo Consular y sobre las tareas conjuntas que vienen desarrollando.<\/p>\n<p>Participaron m&aacute;s de 30 representantes consulares de los cinco continentes que se llevaron una idea cabal de Mendoza, Vendimia y la voluntad de acci&oacute;n y colaboraci&oacute;n entre el Ejecutivo provincial y los diplom&aacute;ticos.<\/p>\n<p>&nbsp;<\/p>\n<\/body><\/html>\n","protected":false},"excerpt":{"rendered":"El gobernador se reuni\u00f3 con m\u00e1s de treinta representantes de distintos pa\u00edses en el almuerzo del Cuerpo Consular. Los llam\u00f3 a trabajar en colaboraci\u00f3n para seguir instalando la marca Mendoza en cada rinc\u00f3n del planeta.","protected":false},"author":2,"featured_media":82397,"comment_status":"open","ping_status":"open","sticky":false,"template":"","format":"standard","meta":[],"categories":[19,38],"tags":[],"_links":{"self":[{"href":"https:\/\/www.mendoza.gov.ar\/prensa\/wp-json\/wp\/v2\/posts\/82396"}],"collection":[{"href":"https:\/\/www.mendoza.gov.ar\/prensa\/wp-json\/wp\/v2\/posts"}],"about":[{"href":"https:\/\/www.mendoza.gov.ar\/prensa\/wp-json\/wp\/v2\/types\/post"}],"author":[{"embeddable":true,"href":"https:\/\/www.mendoza.gov.ar\/prensa\/wp-json\/wp\/v2\/users\/2"}],"replies":[{"embeddable":true,"href":"https:\/\/www.mendoza.gov.ar\/prensa\/wp-json\/wp\/v2\/comments?post=82396"}],"version-history":[{"count":0,"href":"https:\/\/www.mendoza.gov.ar\/prensa\/wp-json\/wp\/v2\/posts\/82396\/revisions"}],"wp:featuredmedia":[{"embeddable":true,"href":"https:\/\/www.mendoza.gov.ar\/prensa\/wp-json\/wp\/v2\/media\/82397"}],"wp:attachment":[{"href":"https:\/\/www.mendoza.gov.ar\/prensa\/wp-json\/wp\/v2\/media?parent=82396"}],"wp:term":[{"taxonomy":"category","embeddable":true,"href":"https:\/\/www.mendoza.gov.ar\/prensa\/wp-json\/wp\/v2\/categories?post=82396"},{"taxonomy":"post_tag","embeddable":true,"href":"https:\/\/www.mendoza.gov.ar\/prensa\/wp-json\/wp\/v2\/tags?post=82396"}],"curies":[{"name":"wp","href":"https:\/\/api.w.org\/{rel}","templated":true}]}}