{"id":82443,"date":"2017-03-05T22:42:23","date_gmt":"2017-03-06T01:42:23","guid":{"rendered":"http:\/\/prensa.mendoza.gov.ar\/?p=82443"},"modified":"2017-03-05T22:42:23","modified_gmt":"2017-03-06T01:42:23","slug":"cornejo-feliz-vendimia-para-todos","status":"publish","type":"post","link":"https:\/\/www.mendoza.gov.ar\/prensa\/cornejo-feliz-vendimia-para-todos\/","title":{"rendered":"Cornejo: \u201c\u00a1Feliz Vendimia para todos!\u201d"},"content":{"rendered":"<!DOCTYPE html PUBLIC \"-\/\/W3C\/\/DTD HTML 4.0 Transitional\/\/EN\" \"http:\/\/www.w3.org\/TR\/REC-html40\/loose.dtd\">\n<html><body><p>El Gobernador Alfredo Cornejo lleg&oacute; acompa&ntilde;ado por su esposa, Luc&iacute;a Pannocchia, al teatro Griego Frank Romero Day para disfrutar <em>Con el vino en la piel<\/em>. Se trata de la edici&oacute;n N&ordm;81 de la Fiesta Nacional de la Vendimia. La vicegobernadora, Laura Montero, se sent&oacute; junto a ellos en el palco de autoridades. Tanto Cornejo como Montero agradecieron a cada uno de los que hicieron posible que, durante esta noche, mendocinos y turistas pueden disfrutar del evento que celebra el fruto de todo un a&ntilde;o de trabajo.<\/p>\n<p>&ldquo;En el marco de las complicaciones que hemos tenido para poder sacar esta fiesta adelante, no puedo m&aacute;s que agradecer a todos los que hicieron posible este espect&aacute;culo. Pedimos disculpas a los turistas, que a pesar de que son pocos, han tenido que devolver las entradas&rdquo;, dijo Cornejo tras explicar que hasta el momento se estima que son cerca de 1.000 entradas las que han sido devueltas.<\/p>\n<p>&ldquo;Estoy feliz de que estemos en marcha. Seguramente vamos a ver un gran espect&aacute;culo, hay un clima muy lindo. Quiero agradecer a todo el equipo de Cultura que ha trabajado en la realizaci&oacute;n de Vendimia, al equipo de Turismo, a la Polic&iacute;a, que ha hecho un excelente trabajo. Pero sobre todo quiero agradecerle a cada uno de los actores y bailarines, sobre todo a los folcl&oacute;ricos, que han colaborado con mucho positivismo y energ&iacute;a&rdquo;, indic&oacute; el mandatario.<\/p>\n<p>Adem&aacute;s, el Gobernador llam&oacute; a despolitizar la Fiesta de la Vendimia. En este sentido subray&oacute;: &ldquo;Tenemos que cuidarla, porque en cierta medida es lo que define la identidad de Mendoza. Hemos hecho varias cambios, uno de ellos es que por primera vez vota el p&uacute;blico en nuestra fiesta m&aacute;xima&rdquo;.<\/p>\n<p>Por su parte, Montero se refiri&oacute; a las bondades del festejo central de los mendocinos, que re&uacute;ne visitantes de distintas provincias argentinas como de diversos rincones del mundo. &ldquo;Es un orgullo participar de este espect&aacute;culo que pone en valor todo el esfuerzo de nuestra gente en el campo y en la producci&oacute;n y nos ayuda a posicionarnos en el mundo para seguir perfeccion&aacute;ndonos&rdquo;, indic&oacute;.<\/p>\n<p>En cuanto a la reprogramaci&oacute;n del acto central, Montero tambi&eacute;n agradeci&oacute; &ldquo;a los actores, m&uacute;sicos y bailarines, por ayudarnos a garantizar la seguridad, superar el temor y dar lo mejor de s&iacute;. Realmente, pido disculpas por los inconvenientes ocasionados, un accidente que se ha tratado de resolver de la mejor manera posible, pasando la fiesta para hoy para que la Vendimia pueda celebrarse&rdquo;.<\/p>\n<p>Adem&aacute;s, inform&oacute; que se han disminuido al m&aacute;ximo los factores de riesgo y se evaluaron los da&ntilde;os sobre escenario, para que pueda ser un &aacute;mbito seguro. Y A&ntilde;adi&oacute;: &ldquo;Creo que hay que celebrar la fiesta de los mendocinos, porque es una celebraci&oacute;n que nos trasciende&rdquo;.<\/p>\n<\/body><\/html>\n","protected":false},"excerpt":{"rendered":"El Gobernador ingres\u00f3, junto a su esposa, cerca de las 22. La vicegobernadora los acompa\u00f1\u00f3 en el palco de autoridades. ","protected":false},"author":2,"featured_media":82444,"comment_status":"open","ping_status":"open","sticky":false,"template":"","format":"standard","meta":[],"categories":[19,38],"tags":[],"_links":{"self":[{"href":"https:\/\/www.mendoza.gov.ar\/prensa\/wp-json\/wp\/v2\/posts\/82443"}],"collection":[{"href":"https:\/\/www.mendoza.gov.ar\/prensa\/wp-json\/wp\/v2\/posts"}],"about":[{"href":"https:\/\/www.mendoza.gov.ar\/prensa\/wp-json\/wp\/v2\/types\/post"}],"author":[{"embeddable":true,"href":"https:\/\/www.mendoza.gov.ar\/prensa\/wp-json\/wp\/v2\/users\/2"}],"replies":[{"embeddable":true,"href":"https:\/\/www.mendoza.gov.ar\/prensa\/wp-json\/wp\/v2\/comments?post=82443"}],"version-history":[{"count":0,"href":"https:\/\/www.mendoza.gov.ar\/prensa\/wp-json\/wp\/v2\/posts\/82443\/revisions"}],"wp:featuredmedia":[{"embeddable":true,"href":"https:\/\/www.mendoza.gov.ar\/prensa\/wp-json\/wp\/v2\/media\/82444"}],"wp:attachment":[{"href":"https:\/\/www.mendoza.gov.ar\/prensa\/wp-json\/wp\/v2\/media?parent=82443"}],"wp:term":[{"taxonomy":"category","embeddable":true,"href":"https:\/\/www.mendoza.gov.ar\/prensa\/wp-json\/wp\/v2\/categories?post=82443"},{"taxonomy":"post_tag","embeddable":true,"href":"https:\/\/www.mendoza.gov.ar\/prensa\/wp-json\/wp\/v2\/tags?post=82443"}],"curies":[{"name":"wp","href":"https:\/\/api.w.org\/{rel}","templated":true}]}}