{"id":82504,"date":"2017-03-06T08:55:43","date_gmt":"2017-03-06T11:55:43","guid":{"rendered":"http:\/\/prensa.mendoza.gov.ar\/?p=82504"},"modified":"2017-09-08T10:36:23","modified_gmt":"2017-09-08T13:36:23","slug":"desvio-de-transporte-por-la-reconstruccion-de-aristides-villanueva","status":"publish","type":"post","link":"https:\/\/www.mendoza.gov.ar\/prensa\/desvio-de-transporte-por-la-reconstruccion-de-aristides-villanueva\/","title":{"rendered":"Desv\u00edo de transporte por la reconstrucci\u00f3n de Ar\u00edstides Villanueva"},"content":{"rendered":"<!DOCTYPE html PUBLIC \"-\/\/W3C\/\/DTD HTML 4.0 Transitional\/\/EN\" \"http:\/\/www.w3.org\/TR\/REC-html40\/loose.dtd\">\n<html><body><p>Por trabajos que llevar&aacute; a cabo la Municipalidad de la Ciudad de Mendoza en la avenida Ar&iacute;stides Villanueva, entre Belgrano y Boulogne Sur Mer, varios servicios de transporte modificar&aacute;n su traza. Los cambios de recorrido ser&aacute;n por aproximadamente 240 d&iacute;as y afectar&aacute; los siguientes servicios:<\/p>\n<ul>\n<li><b><b>Grupo 5 <\/b><b><i>l&iacute;neas 72 -74<\/i><\/b><\/b><\/li>\n<li><b><i>Trole Parque<\/i><\/b><\/li>\n<\/ul>\n<p>Circular&aacute;n por Col&oacute;n, Per&uacute;, Montevideo, Mart&iacute;n Zapata, Boulogne Sur Mer y retornar&aacute;n a su traza habitual.<\/p>\n<ul>\n<li><b><b>Grupo 5 <\/b><b><i>l&iacute;nea 51<\/i><\/b><\/b><\/li>\n<li><b>Grupo 750 <\/b><b><i>l&iacute;nea UNCuyo<\/i><\/b><\/li>\n<li><b>Grupo 700 <\/b><b><i>l&iacute;nea UNCuyo<\/i><\/b><\/li>\n<\/ul>\n<p>Desviar&aacute;n por Col&oacute;n, Per&uacute;, Montevideo, Mart&iacute;n Zapata, Paso de los Andes y volver&aacute;n a su recorrido normal.<\/p>\n<\/body><\/html>\n","protected":false},"excerpt":{"rendered":"Ser\u00e1 por 240 d\u00edas y afectar\u00e1 las intersecciones desde Boulogne Sur Mer hasta Belgrano.","protected":false},"author":2,"featured_media":82521,"comment_status":"open","ping_status":"open","sticky":false,"template":"","format":"standard","meta":[],"categories":[34],"tags":[],"_links":{"self":[{"href":"https:\/\/www.mendoza.gov.ar\/prensa\/wp-json\/wp\/v2\/posts\/82504"}],"collection":[{"href":"https:\/\/www.mendoza.gov.ar\/prensa\/wp-json\/wp\/v2\/posts"}],"about":[{"href":"https:\/\/www.mendoza.gov.ar\/prensa\/wp-json\/wp\/v2\/types\/post"}],"author":[{"embeddable":true,"href":"https:\/\/www.mendoza.gov.ar\/prensa\/wp-json\/wp\/v2\/users\/2"}],"replies":[{"embeddable":true,"href":"https:\/\/www.mendoza.gov.ar\/prensa\/wp-json\/wp\/v2\/comments?post=82504"}],"version-history":[{"count":1,"href":"https:\/\/www.mendoza.gov.ar\/prensa\/wp-json\/wp\/v2\/posts\/82504\/revisions"}],"predecessor-version":[{"id":102951,"href":"https:\/\/www.mendoza.gov.ar\/prensa\/wp-json\/wp\/v2\/posts\/82504\/revisions\/102951"}],"wp:featuredmedia":[{"embeddable":true,"href":"https:\/\/www.mendoza.gov.ar\/prensa\/wp-json\/wp\/v2\/media\/82521"}],"wp:attachment":[{"href":"https:\/\/www.mendoza.gov.ar\/prensa\/wp-json\/wp\/v2\/media?parent=82504"}],"wp:term":[{"taxonomy":"category","embeddable":true,"href":"https:\/\/www.mendoza.gov.ar\/prensa\/wp-json\/wp\/v2\/categories?post=82504"},{"taxonomy":"post_tag","embeddable":true,"href":"https:\/\/www.mendoza.gov.ar\/prensa\/wp-json\/wp\/v2\/tags?post=82504"}],"curies":[{"name":"wp","href":"https:\/\/api.w.org\/{rel}","templated":true}]}}