{"id":82593,"date":"2017-03-06T12:50:07","date_gmt":"2017-03-06T15:50:07","guid":{"rendered":"http:\/\/prensa.mendoza.gov.ar\/?p=82593"},"modified":"2017-03-06T12:50:07","modified_gmt":"2017-03-06T15:50:07","slug":"se-realizo-la-1a-mision-de-intercambio-de-innovacion-y-tecnologia","status":"publish","type":"post","link":"https:\/\/www.mendoza.gov.ar\/prensa\/se-realizo-la-1a-mision-de-intercambio-de-innovacion-y-tecnologia\/","title":{"rendered":"Se realiz\u00f3 la 1\u00aa Misi\u00f3n de Intercambio de Innovaci\u00f3n y Tecnolog\u00eda"},"content":{"rendered":"<!DOCTYPE html PUBLIC \"-\/\/W3C\/\/DTD HTML 4.0 Transitional\/\/EN\" \"http:\/\/www.w3.org\/TR\/REC-html40\/loose.dtd\">\n<html><body><div id=\"m_2009489721216506228yui_3_16_0_ym19_1_1488814099861_6023\" class=\"m_2009489721216506228y_msg_container\">El Ministerio de Econom&iacute;a, Infraestructura y Energ&iacute;a, que lleva adelante la&nbsp;iniciativa #MendozaEmprende, organiz&oacute; la 1&ordf; Misi&oacute;n de Intercambio&nbsp;orientada a la Innovaci&oacute;n y la Tecnolog&iacute;a con estudiantes universitarios&nbsp;chilenos, hijos de los participantes de las Ferias Libres del vecino pa&iacute;s.<\/div>\n<div class=\"m_2009489721216506228y_msg_container\"><\/div>\n<div class=\"m_2009489721216506228y_msg_container\">En esta misi&oacute;n se reflexion&oacute; sobre la necesidad de crear modelos&nbsp;econ&oacute;micos integradores y sostenibles, adem&aacute;s de analizar la importancia&nbsp;del comercio justo, la tecnolog&iacute;a como herramienta de innovaci&oacute;n y el&nbsp;compromiso de las nuevas generaciones con la construcci&oacute;n del bien com&uacute;n.<\/div>\n<div class=\"m_2009489721216506228y_msg_container\"><\/div>\n<div class=\"m_2009489721216506228y_msg_container\">El objetivo de las actividades fue vincular j&oacute;venes universitarios&nbsp;chilenos y mendocinos con&nbsp;iniciativas emprendedoras para mantener&nbsp;canales abiertos de integraci&oacute;n, para que ambos ecosistemas se nutran&nbsp;mutuamente y mantengan v&iacute;nculos estrechos, promoviendo el intercambio&nbsp;cultural y productivo entre los pa&iacute;ses.<\/div>\n<div class=\"m_2009489721216506228y_msg_container\"><a href=\"https:\/\/www.mendoza.gov.ar\/prensa\/wp-content\/uploads\/sites\/23\/mision4.jpeg\"><img loading=\"lazy\" class=\"alignnone  wp-image-82597 img-responsive center-block\" src=\"https:\/\/www.mendoza.gov.ar\/prensa\/wp-content\/uploads\/sites\/23\/mision4.jpeg\" alt=\"\" width=\"831\" height=\"467\"><\/a><\/div>\n<div class=\"m_2009489721216506228y_msg_container\"><\/div>\n<div id=\"m_2009489721216506228yui_3_16_0_ym19_1_1488814099861_6023\" class=\"m_2009489721216506228y_msg_container\">Para alcanzarlo, se trabaj&oacute; sobre temas como Tecnolog&iacute;a aplicada a la agroindustria, M&eacute;todos de producci&oacute;n y&nbsp;comercializaci&oacute;n innovadores, Intercambio de experiencias con&nbsp;emprendedores locales y Acciones conjuntas con instituciones que apoyen y&nbsp;potencien al productor local.<\/div>\n<div class=\"m_2009489721216506228y_msg_container\"><\/div>\n<div class=\"m_2009489721216506228y_msg_container\">En esta misi&oacute;n participaron autoridades del ministerio y organizaciones&nbsp;sociales directamente vinculadas al sector productivo, como por ejemplo la&nbsp;Uni&oacute;n de Trabajadores Sin Tierra&nbsp; (UST) y &ldquo;Crece desde el Pie&rdquo;, que brindaron su perspectiva sobre el valor de la asociatividad en procesos productivos&nbsp;y comerciales.<\/div>\n<div class=\"m_2009489721216506228y_msg_container\"><\/div>\n<div class=\"m_2009489721216506228y_msg_container\">Para mayor informaci&oacute;n sobre la iniciativa #MendozaEmprende, comunicarse&nbsp;con el tel&eacute;fono 0261 4492508.<\/div>\n<\/body><\/html>\n","protected":false},"excerpt":{"rendered":"Se desarrollaron actividades de intercambio, formaci\u00f3n y reciprocidad\u00a0en las que se promovi\u00f3 la transferencia de conocimientos y experiencias\u00a0entre Mendoza y Chile.","protected":false},"author":2,"featured_media":82596,"comment_status":"open","ping_status":"open","sticky":false,"template":"","format":"standard","meta":[],"categories":[1],"tags":[],"_links":{"self":[{"href":"https:\/\/www.mendoza.gov.ar\/prensa\/wp-json\/wp\/v2\/posts\/82593"}],"collection":[{"href":"https:\/\/www.mendoza.gov.ar\/prensa\/wp-json\/wp\/v2\/posts"}],"about":[{"href":"https:\/\/www.mendoza.gov.ar\/prensa\/wp-json\/wp\/v2\/types\/post"}],"author":[{"embeddable":true,"href":"https:\/\/www.mendoza.gov.ar\/prensa\/wp-json\/wp\/v2\/users\/2"}],"replies":[{"embeddable":true,"href":"https:\/\/www.mendoza.gov.ar\/prensa\/wp-json\/wp\/v2\/comments?post=82593"}],"version-history":[{"count":0,"href":"https:\/\/www.mendoza.gov.ar\/prensa\/wp-json\/wp\/v2\/posts\/82593\/revisions"}],"wp:featuredmedia":[{"embeddable":true,"href":"https:\/\/www.mendoza.gov.ar\/prensa\/wp-json\/wp\/v2\/media\/82596"}],"wp:attachment":[{"href":"https:\/\/www.mendoza.gov.ar\/prensa\/wp-json\/wp\/v2\/media?parent=82593"}],"wp:term":[{"taxonomy":"category","embeddable":true,"href":"https:\/\/www.mendoza.gov.ar\/prensa\/wp-json\/wp\/v2\/categories?post=82593"},{"taxonomy":"post_tag","embeddable":true,"href":"https:\/\/www.mendoza.gov.ar\/prensa\/wp-json\/wp\/v2\/tags?post=82593"}],"curies":[{"name":"wp","href":"https:\/\/api.w.org\/{rel}","templated":true}]}}