{"id":82600,"date":"2017-03-06T13:32:33","date_gmt":"2017-03-06T16:32:33","guid":{"rendered":"http:\/\/prensa.mendoza.gov.ar\/?p=82600"},"modified":"2017-03-06T13:32:33","modified_gmt":"2017-03-06T16:32:33","slug":"en-vendimia-entregaron-maquinaria-agricola-a-asociaciones-de-productores-de-maipu","status":"publish","type":"post","link":"https:\/\/www.mendoza.gov.ar\/prensa\/en-vendimia-entregaron-maquinaria-agricola-a-asociaciones-de-productores-de-maipu\/","title":{"rendered":"En Vendimia, entregaron maquinaria agr\u00edcola a asociaciones de productores de Maip\u00fa"},"content":{"rendered":"<!DOCTYPE html PUBLIC \"-\/\/W3C\/\/DTD HTML 4.0 Transitional\/\/EN\" \"http:\/\/www.w3.org\/TR\/REC-html40\/loose.dtd\">\n<html><body><div id=\"m_-2583897110991684871yui_3_16_0_ym19_1_1488814099861_9272\" align=\"left\">En el marco de los festejos vendimiales, la asociaci&oacute;n de productores frutihort&iacute;colas &ldquo;La Esperanza&rdquo; y la Asociaci&oacute;n de Peque&ntilde;os Productores de Cuyo (APEPRO), ambas de Maip&uacute;, recibieron maquinaria agr&iacute;cola para uso comunitario.<\/div>\n<div align=\"left\"><\/div>\n<div id=\"m_-2583897110991684871yui_3_16_0_ym19_1_1488814099861_9281\" align=\"left\"><span id=\"m_-2583897110991684871yui_3_16_0_ym19_1_1488814099861_9282\" lang=\"ES-AR\">La entrega estuvo a cargo del secretario de Desarrollo Territorial de la Naci&oacute;n, Santiago Hardie y el subsecretario de Agricultura y Ganader&iacute;a de la provincia, Alfredo Aciar.<\/span><\/div>\n<div id=\"m_-2583897110991684871yui_3_16_0_ym19_1_1488814099861_9281\" align=\"left\"><span lang=\"ES-AR\">&nbsp;<\/span><\/div>\n<div id=\"m_-2583897110991684871yui_3_16_0_ym19_1_1488814099861_9284\" align=\"left\"><span id=\"m_-2583897110991684871yui_3_16_0_ym19_1_1488814099861_9285\" lang=\"ES-AR\">Durante el acto, Hardie record&oacute; los esfuerzos del Gobierno Nacional para &ldquo;incentivar el arraigo rural y el desarrollo de las actividades productivas&rdquo;. En ese sentido, agradeci&oacute; el acompa&ntilde;amiento del sector en el desarrollo de las pol&iacute;ticas p&uacute;blicas que se est&aacute;n llevando a cabo.<\/span><\/div>\n<div id=\"m_-2583897110991684871yui_3_16_0_ym19_1_1488814099861_9284\" align=\"left\"><span lang=\"ES-AR\">&nbsp;<\/span><\/div>\n<div id=\"m_-2583897110991684871yui_3_16_0_ym19_1_1488814099861_9287\" align=\"left\"><span id=\"m_-2583897110991684871yui_3_16_0_ym19_1_1488814099861_9288\" lang=\"ES-AR\">Mediante el Programa para el Desarrollo Rural Incluyente (PRODERI) las asociaciones presentaron sus proyectos que, adem&aacute;s de la maquinaria, incluye la creaci&oacute;n de una marca colectiva y la colocaci&oacute;n de tela antigranizo.&nbsp;&nbsp;&nbsp;&nbsp;&nbsp;&nbsp;&nbsp;&nbsp;&nbsp;&nbsp;&nbsp;&nbsp;&nbsp;<\/span><\/div>\n<div id=\"m_-2583897110991684871yui_3_16_0_ym19_1_1488814099861_9287\" align=\"left\"><span lang=\"ES-AR\">&nbsp;<\/span><\/div>\n<div id=\"m_-2583897110991684871yui_3_16_0_ym19_1_1488814099861_9290\" align=\"left\"><span id=\"m_-2583897110991684871yui_3_16_0_ym19_1_1488814099861_9291\" lang=\"ES-AR\">En el caso de APEPRO, el objetivo del proyecto presentado es resolver la problem&aacute;tica de los altos costos generados en la producci&oacute;n hort&iacute;cola por el alquiler de maquinaria agr&iacute;cola y, a su vez, mejorar la productividad mediante la realizaci&oacute;n de labores de manera m&aacute;s organizada. La inversi&oacute;n contempl&oacute; la adquisici&oacute;n de un tractor e implementos agr&iacute;colas (rastra, niveleta, cincel, arado) de uso comunitario y algunas herramientas menores de uso individual (pala, azada, mochila).<\/span><\/div>\n<div><\/div>\n<div id=\"m_-2583897110991684871yui_3_16_0_ym19_1_1488814099861_9293\" dir=\"ltr\" align=\"left\"><span id=\"m_-2583897110991684871yui_3_16_0_ym19_1_1488814099861_9294\" lang=\"ES-AR\">Mientras que la propuesta de la asociaci&oacute;n La Esperanza se bas&oacute; en mejorar la productividad, incrementar la rentabilidad y mejorar la calidad de vida de sus trabajadores, con la incorporaci&oacute;n de un tractor y una pulverizadora para uso comunitario y, para a&ntilde;adir valor agregado a sus productos y abrirse a nuevos mercados, la creaci&oacute;n de una marca colectiva. As&iacute; mismo, solicitaron apoyo para colocar tela antigranizo en 5 medias hect&aacute;reas y capacitar a los productores para que ellos mismos la coloquen y puedan brindar, posteriormente, ese servicio.&nbsp; &nbsp; &nbsp; &nbsp; &nbsp;<\/span><\/div>\n<\/body><\/html>\n","protected":false},"excerpt":{"rendered":"Se trata de dos tractores, una pulverizadora y una rastra de discos. La inversi\u00f3n ronda los 1,4 millones de pesos. Beneficiar\u00e1 a 55 peque\u00f1os productores de Fray Luis Beltr\u00e1n.","protected":false},"author":2,"featured_media":82601,"comment_status":"open","ping_status":"open","sticky":false,"template":"","format":"standard","meta":[],"categories":[1],"tags":[],"_links":{"self":[{"href":"https:\/\/www.mendoza.gov.ar\/prensa\/wp-json\/wp\/v2\/posts\/82600"}],"collection":[{"href":"https:\/\/www.mendoza.gov.ar\/prensa\/wp-json\/wp\/v2\/posts"}],"about":[{"href":"https:\/\/www.mendoza.gov.ar\/prensa\/wp-json\/wp\/v2\/types\/post"}],"author":[{"embeddable":true,"href":"https:\/\/www.mendoza.gov.ar\/prensa\/wp-json\/wp\/v2\/users\/2"}],"replies":[{"embeddable":true,"href":"https:\/\/www.mendoza.gov.ar\/prensa\/wp-json\/wp\/v2\/comments?post=82600"}],"version-history":[{"count":0,"href":"https:\/\/www.mendoza.gov.ar\/prensa\/wp-json\/wp\/v2\/posts\/82600\/revisions"}],"wp:featuredmedia":[{"embeddable":true,"href":"https:\/\/www.mendoza.gov.ar\/prensa\/wp-json\/wp\/v2\/media\/82601"}],"wp:attachment":[{"href":"https:\/\/www.mendoza.gov.ar\/prensa\/wp-json\/wp\/v2\/media?parent=82600"}],"wp:term":[{"taxonomy":"category","embeddable":true,"href":"https:\/\/www.mendoza.gov.ar\/prensa\/wp-json\/wp\/v2\/categories?post=82600"},{"taxonomy":"post_tag","embeddable":true,"href":"https:\/\/www.mendoza.gov.ar\/prensa\/wp-json\/wp\/v2\/tags?post=82600"}],"curies":[{"name":"wp","href":"https:\/\/api.w.org\/{rel}","templated":true}]}}