{"id":82633,"date":"2017-03-06T17:26:25","date_gmt":"2017-03-06T20:26:25","guid":{"rendered":"http:\/\/prensa.mendoza.gov.ar\/?p=82633"},"modified":"2017-03-06T17:26:25","modified_gmt":"2017-03-06T20:26:25","slug":"osep-en-vendimia-por-los-adultos-mayores","status":"publish","type":"post","link":"https:\/\/www.mendoza.gov.ar\/prensa\/osep-en-vendimia-por-los-adultos-mayores\/","title":{"rendered":"OSEP en Vendimia por los adultos mayores"},"content":{"rendered":"<!DOCTYPE html PUBLIC \"-\/\/W3C\/\/DTD HTML 4.0 Transitional\/\/EN\" \"http:\/\/www.w3.org\/TR\/REC-html40\/loose.dtd\">\n<html><body><p>En relaci&oacute;n con&nbsp;la iniciativa provincial que promueve el respeto a los derechos de los adultos mayores y el buen trato hacia ellos, el s&aacute;bado pasado la Obra Social de Empleados P&uacute;blicos (OSEP) se sum&oacute; a la caravana vendimial para concientizar sobre los derechos de las personas mayores.<\/p>\n<p>La licenciada Viviana Lasagni, a cargo del programa de Gesti&oacute;n de Pol&iacute;ticas para el Adulto Mayor de OSEP, junto a su equipo escoltaron al carro vendimial de la reina de la Tercera Edad, e&nbsp;invitaron al p&uacute;blico y a las soberanas a sumarse a la iniciativa para sacarse fotos con los diferentes carteles de frases alusivas al buen trato que deben recibir los mayores.<\/p>\n<p>Asimismo, se promocionaron los talleres que realiza OSEP y con gran &eacute;xito convocan a cientos de afiliados a transitar esta etapa de su vida de manera positiva y as&iacute; lograr un envejecimiento saludable y exitoso.<\/p>\n<p>Las candidatas y las autoridades tambi&eacute;n dieron su apoyo a la campa&ntilde;a sac&aacute;ndose fotos con las consignas &ldquo;yo doy el asiento a los adultos mayores&rdquo;, &ldquo;yo visito a mis abuelos&rdquo;, &ldquo;yo escucho a los adultos mayores&rdquo; y &ldquo;yo doy la prioridad a los adultos mayores&rdquo;.<\/p>\n<p>La reina de la Vendimia 2017, Victoria Colovatti y la virreina Romina M&eacute;ndez Pattaro manifestaron un gran inter&eacute;s por realizar actividades de promoci&oacute;n para que los derechos de los adultos mayores sean respetados y considerados en la comunidad.<\/p>\n<\/body><\/html>\n","protected":false},"excerpt":{"rendered":"Con la colaboraci\u00f3n del personal de OSEP, la campa\u00f1a &#8220;Yo respeto a los adultos mayores&#8221; se despleg\u00f3 en el concurrido Carrusel vendimial. ","protected":false},"author":2,"featured_media":82634,"comment_status":"open","ping_status":"open","sticky":false,"template":"","format":"standard","meta":[],"categories":[30],"tags":[],"_links":{"self":[{"href":"https:\/\/www.mendoza.gov.ar\/prensa\/wp-json\/wp\/v2\/posts\/82633"}],"collection":[{"href":"https:\/\/www.mendoza.gov.ar\/prensa\/wp-json\/wp\/v2\/posts"}],"about":[{"href":"https:\/\/www.mendoza.gov.ar\/prensa\/wp-json\/wp\/v2\/types\/post"}],"author":[{"embeddable":true,"href":"https:\/\/www.mendoza.gov.ar\/prensa\/wp-json\/wp\/v2\/users\/2"}],"replies":[{"embeddable":true,"href":"https:\/\/www.mendoza.gov.ar\/prensa\/wp-json\/wp\/v2\/comments?post=82633"}],"version-history":[{"count":0,"href":"https:\/\/www.mendoza.gov.ar\/prensa\/wp-json\/wp\/v2\/posts\/82633\/revisions"}],"wp:featuredmedia":[{"embeddable":true,"href":"https:\/\/www.mendoza.gov.ar\/prensa\/wp-json\/wp\/v2\/media\/82634"}],"wp:attachment":[{"href":"https:\/\/www.mendoza.gov.ar\/prensa\/wp-json\/wp\/v2\/media?parent=82633"}],"wp:term":[{"taxonomy":"category","embeddable":true,"href":"https:\/\/www.mendoza.gov.ar\/prensa\/wp-json\/wp\/v2\/categories?post=82633"},{"taxonomy":"post_tag","embeddable":true,"href":"https:\/\/www.mendoza.gov.ar\/prensa\/wp-json\/wp\/v2\/tags?post=82633"}],"curies":[{"name":"wp","href":"https:\/\/api.w.org\/{rel}","templated":true}]}}