{"id":82697,"date":"2017-03-07T11:17:50","date_gmt":"2017-03-07T14:17:50","guid":{"rendered":"http:\/\/prensa.mendoza.gov.ar\/?p=82697"},"modified":"2017-03-07T11:17:50","modified_gmt":"2017-03-07T14:17:50","slug":"lucha-antigranizo-tareas-de-mitigacion-en-los-cuatro-oasis","status":"publish","type":"post","link":"https:\/\/www.mendoza.gov.ar\/prensa\/lucha-antigranizo-tareas-de-mitigacion-en-los-cuatro-oasis\/","title":{"rendered":"Lucha Antigranizo: tareas de mitigaci\u00f3n en los cuatro oasis"},"content":{"rendered":"<!DOCTYPE html PUBLIC \"-\/\/W3C\/\/DTD HTML 4.0 Transitional\/\/EN\" \"http:\/\/www.w3.org\/TR\/REC-html40\/loose.dtd\">\n<html><body><div id=\":65\" class=\"ii gt adP adO\">\n<div id=\":20\" class=\"a3s aXjCH m15aa910507831f08\">\n<div id=\"m_-3293204715197608402yui_3_16_0_ym19_1_1488893478833_14976\">El Sistema Integral de Lucha Antigranizo oper&oacute; ayer con aviones y generadores de superficie. Las tormentas observadas amenazaron las &aacute;reas cultivadas del oasis Este, Valle de Uco y Sur.<\/div>\n<div id=\"m_-3293204715197608402yui_3_16_0_ym19_1_1488893478833_14985\"><span lang=\"ES-AR\">&nbsp;<\/span><\/div>\n<div id=\"m_-3293204715197608402yui_3_16_0_ym19_1_1488893478833_14985\"><span id=\"m_-3293204715197608402yui_3_16_0_ym19_1_1488893478833_14986\" lang=\"ES-AR\">Las observaciones de radar se&ntilde;alan que las c&eacute;lulas provocaron lluvias d&eacute;biles a moderadas en San Mart&iacute;n (El Central, Tres Porte&ntilde;as, Chapanay, Montecaseros, Alto Verde, Nueva California, Buen Orden y Chivilcoy), Lavalle (Jocol&iacute;, Villa Tulumaya, Costa de Araujo, La Holanda, Paramillos, Gustavo Andr&eacute;), Maip&uacute; (Fray Luis Beltr&aacute;n, Barrancas, Rodeo del Medio, La Isla), Jun&iacute;n (Phillips, Los Barriales), Rivadavia (La Central, El Mirador). Asimismo, lluvia fuerte con granizo en San Mart&iacute;n (este de Nueva California) y zonas sin cultivar del norte de La Paz.<\/span><\/div>\n<div id=\"m_-3293204715197608402yui_3_16_0_ym19_1_1488893478833_14988\"><span lang=\"ES-AR\">&nbsp;<\/span><\/div>\n<div id=\"m_-3293204715197608402yui_3_16_0_ym19_1_1488893478833_14988\"><span id=\"m_-3293204715197608402yui_3_16_0_ym19_1_1488893478833_14989\" lang=\"ES-AR\">En el Valle de Uco, donde el sistema trabaj&oacute; con generadores de superficie tres horas, se observaron lluvias moderadas en el piedemonte, al oeste de Tunuy&aacute;n.<\/span><\/div>\n<div id=\"m_-3293204715197608402yui_3_16_0_ym19_1_1488893478833_14991\"><span lang=\"ES-AR\">&nbsp;<\/span><\/div>\n<div id=\"m_-3293204715197608402yui_3_16_0_ym19_1_1488893478833_14991\"><span id=\"m_-3293204715197608402yui_3_16_0_ym19_1_1488893478833_14992\" lang=\"ES-AR\">En el oasis Sur, se detectaron lluvias moderadas en &aacute;reas cultivadas de General Alvear (Alvear Oeste, La Escandinava, Los Compartos) y San Rafael (sur de Goudge, Villa Atuel, Rama Ca&iacute;da, Monte Com&aacute;n, Real del Padre). Tambi&eacute;n, lluvia con granizo en General Alvear (Ciudad)&nbsp;y San Rafael (sur de Jaime Prats y oeste de Villa Atuel).<\/span><\/div>\n<div><\/div>\n<div id=\"m_-3293204715197608402yui_3_16_0_ym19_1_1488893478833_14994\" dir=\"ltr\">El pron&oacute;stico elaborado por la Direcci&oacute;n de Agricultura y Contingencias Clim&aacute;ticas adelanta para hoy nubosidad cumuliforme, tormentas de intensidad d&eacute;bil a moderada al final del d&iacute;a, en la zona Sur (entre las 20 y la 1). En&nbsp;los oasis Centro y Norte, menos inestable.<\/div>\n<\/div>\n<\/div>\n<\/body><\/html>\n","protected":false},"excerpt":{"rendered":"Se trabaj\u00f3 con aviones y generadores de superficie. El granizo afect\u00f3 principalmente las \u00e1reas sin cultivar.","protected":false},"author":2,"featured_media":82698,"comment_status":"open","ping_status":"open","sticky":false,"template":"","format":"standard","meta":[],"categories":[1],"tags":[],"_links":{"self":[{"href":"https:\/\/www.mendoza.gov.ar\/prensa\/wp-json\/wp\/v2\/posts\/82697"}],"collection":[{"href":"https:\/\/www.mendoza.gov.ar\/prensa\/wp-json\/wp\/v2\/posts"}],"about":[{"href":"https:\/\/www.mendoza.gov.ar\/prensa\/wp-json\/wp\/v2\/types\/post"}],"author":[{"embeddable":true,"href":"https:\/\/www.mendoza.gov.ar\/prensa\/wp-json\/wp\/v2\/users\/2"}],"replies":[{"embeddable":true,"href":"https:\/\/www.mendoza.gov.ar\/prensa\/wp-json\/wp\/v2\/comments?post=82697"}],"version-history":[{"count":0,"href":"https:\/\/www.mendoza.gov.ar\/prensa\/wp-json\/wp\/v2\/posts\/82697\/revisions"}],"wp:featuredmedia":[{"embeddable":true,"href":"https:\/\/www.mendoza.gov.ar\/prensa\/wp-json\/wp\/v2\/media\/82698"}],"wp:attachment":[{"href":"https:\/\/www.mendoza.gov.ar\/prensa\/wp-json\/wp\/v2\/media?parent=82697"}],"wp:term":[{"taxonomy":"category","embeddable":true,"href":"https:\/\/www.mendoza.gov.ar\/prensa\/wp-json\/wp\/v2\/categories?post=82697"},{"taxonomy":"post_tag","embeddable":true,"href":"https:\/\/www.mendoza.gov.ar\/prensa\/wp-json\/wp\/v2\/tags?post=82697"}],"curies":[{"name":"wp","href":"https:\/\/api.w.org\/{rel}","templated":true}]}}