{"id":82718,"date":"2017-03-07T12:35:40","date_gmt":"2017-03-07T15:35:40","guid":{"rendered":"http:\/\/prensa.mendoza.gov.ar\/?p=82718"},"modified":"2017-03-07T12:35:40","modified_gmt":"2017-03-07T15:35:40","slug":"economia-organizo-visita-de-cooperativa-al-taller-protegido-de-maipu","status":"publish","type":"post","link":"https:\/\/www.mendoza.gov.ar\/prensa\/economia-organizo-visita-de-cooperativa-al-taller-protegido-de-maipu\/","title":{"rendered":"Econom\u00eda organiz\u00f3 visita de cooperativa al Taller Protegido de Maip\u00fa"},"content":{"rendered":"<!DOCTYPE html PUBLIC \"-\/\/W3C\/\/DTD HTML 4.0 Transitional\/\/EN\" \"http:\/\/www.w3.org\/TR\/REC-html40\/loose.dtd\">\n<html><body><div id=\":16r\" class=\"ii gt adP adO\">\n<div id=\":15m\" class=\"a3s aXjCH m15aa9405aa1d3317\">\n<div id=\"m_8563048890992594127yui_3_16_0_ym19_1_1488893478833_21045\" class=\"m_8563048890992594127yahoo_quoted\">\n<div id=\"m_8563048890992594127yui_3_16_0_ym19_1_1488893478833_21044\">\n<div id=\"m_8563048890992594127yui_3_16_0_ym19_1_1488893478833_21043\">\n<div id=\"m_8563048890992594127yui_3_16_0_ym19_1_1488893478833_21047\" class=\"m_8563048890992594127y_msg_container\">\n<div id=\"m_8563048890992594127yui_3_16_0_ym19_1_1488893478833_21094\" dir=\"ltr\">El Ministerio de Econom&iacute;a, Infraestructura y Energ&iacute;a, a trav&eacute;s de la Direcci&oacute;n de Innovaci&oacute;n y Desarrollo Sostenible, desarrolla en Mendoza el programa NODOS. En este marco, se realiz&oacute; un intercambio junto a la Cooperativa Kabrones de Buenos Aires, en el Taller Protegido de Maip&uacute;, donde asisten liberados del Servicio Penitenciario de la Provincia.<\/div>\n<div dir=\"ltr\"><\/div>\n<div id=\"m_8563048890992594127yui_3_16_0_ym19_1_1488893478833_21226\" dir=\"ltr\">En este encuentro se llev&oacute; a cabo una jornada de reflexi&oacute;n, intercambio de experiencias y trabajo con el objetivo de seguir avanzando en el fortalecimiento de un modelo productivo en contexto de encierro en Mendoza, l&iacute;nea de acci&oacute;n que se est&aacute; desarrollando entre los gobiernos nacional y provincial.<\/div>\n<div id=\"m_8563048890992594127yui_3_16_0_ym19_1_1488893478833_21227\" dir=\"ltr\"><\/div>\n<div id=\"m_8563048890992594127yui_3_16_0_ym19_1_1488893478833_21065\" dir=\"ltr\">La Cooperativa Kabrones lleva nueve a&ntilde;os trabajando. Desarrolla trabajos intra y extramuros con un exitoso sistema de comercializaci&oacute;n. En Mendoza, el programa NODOS &ndash;que pertenece al Ministerio de Producci&oacute;n de la Naci&oacute;n&ndash; se desarrolla en conjunto con el Ministerio de Seguridad de la Provincia.<\/div>\n<div dir=\"ltr\"><\/div>\n<div dir=\"ltr\">Para m&aacute;s informacion, comunicarse al 0261 4492527.<\/div>\n<\/div>\n<div class=\"yj6qo\"><\/div>\n<\/div>\n<\/div>\n<\/div>\n<\/div>\n<\/div>\n<div id=\":1bt\" class=\"hq gt a10\"><\/div>\n<\/body><\/html>\n","protected":false},"excerpt":{"rendered":"La experiencia cooperativa de liberados se est\u00e1 extendiendo por todo el pa\u00eds. Ya son cinco las provincias que han formado este tipo de organizaciones.","protected":false},"author":2,"featured_media":82719,"comment_status":"open","ping_status":"open","sticky":false,"template":"","format":"standard","meta":[],"categories":[1],"tags":[],"_links":{"self":[{"href":"https:\/\/www.mendoza.gov.ar\/prensa\/wp-json\/wp\/v2\/posts\/82718"}],"collection":[{"href":"https:\/\/www.mendoza.gov.ar\/prensa\/wp-json\/wp\/v2\/posts"}],"about":[{"href":"https:\/\/www.mendoza.gov.ar\/prensa\/wp-json\/wp\/v2\/types\/post"}],"author":[{"embeddable":true,"href":"https:\/\/www.mendoza.gov.ar\/prensa\/wp-json\/wp\/v2\/users\/2"}],"replies":[{"embeddable":true,"href":"https:\/\/www.mendoza.gov.ar\/prensa\/wp-json\/wp\/v2\/comments?post=82718"}],"version-history":[{"count":0,"href":"https:\/\/www.mendoza.gov.ar\/prensa\/wp-json\/wp\/v2\/posts\/82718\/revisions"}],"wp:featuredmedia":[{"embeddable":true,"href":"https:\/\/www.mendoza.gov.ar\/prensa\/wp-json\/wp\/v2\/media\/82719"}],"wp:attachment":[{"href":"https:\/\/www.mendoza.gov.ar\/prensa\/wp-json\/wp\/v2\/media?parent=82718"}],"wp:term":[{"taxonomy":"category","embeddable":true,"href":"https:\/\/www.mendoza.gov.ar\/prensa\/wp-json\/wp\/v2\/categories?post=82718"},{"taxonomy":"post_tag","embeddable":true,"href":"https:\/\/www.mendoza.gov.ar\/prensa\/wp-json\/wp\/v2\/tags?post=82718"}],"curies":[{"name":"wp","href":"https:\/\/api.w.org\/{rel}","templated":true}]}}