{"id":82803,"date":"2017-03-08T09:35:10","date_gmt":"2017-03-08T12:35:10","guid":{"rendered":"http:\/\/prensa.mendoza.gov.ar\/?p=82803"},"modified":"2017-03-08T09:35:10","modified_gmt":"2017-03-08T12:35:10","slug":"dia-de-la-mujer-en-alvear","status":"publish","type":"post","link":"https:\/\/www.mendoza.gov.ar\/prensa\/dia-de-la-mujer-en-alvear\/","title":{"rendered":"D\u00eda de la Mujer en Alvear"},"content":{"rendered":"<!DOCTYPE html PUBLIC \"-\/\/W3C\/\/DTD HTML 4.0 Transitional\/\/EN\" \"http:\/\/www.w3.org\/TR\/REC-html40\/loose.dtd\">\n<html><body><div id=\"m_7852104435321461672yui_3_16_0_ym19_1_1488916029882_8704\">El doctor Silvio P&eacute;rez Serrano y la licenciada en obstetricia Amira Gatt&aacute;s brindar&aacute;n una charla abierta donde se abordar&aacute;n temas relacionados con la prevenci&oacute;n de uno de los mayores c&aacute;nceres que afectan a las mujeres en nuestro pa&iacute;s, el c&aacute;ncer de cuello uterino.<\/div>\n<div id=\"m_7852104435321461672yui_3_16_0_ym19_1_1488916029882_8691\"><\/div>\n<div id=\"m_7852104435321461672yui_3_16_0_ym19_1_1488916029882_8690\"><span id=\"m_7852104435321461672yui_3_16_0_ym19_1_1488916029882_8689\"><span id=\"m_7852104435321461672yui_3_16_0_ym19_1_1488916029882_8688\">Rescatar&aacute;n la importancia de realizar los controles ginecol&oacute;gicos a tiempo, acercar m&aacute;s informaci&oacute;n sobre el VPH (Virus del Papiloma Humano) y sobre todo concientizar sobre los mitos y realidades que existen en torno a esta enfermedad y la relevancia de su detecci&oacute;n precoz.<\/span><\/span><\/div>\n<div><\/div>\n<div id=\"m_7852104435321461672yui_3_16_0_ym19_1_1488916029882_8687\"><span id=\"m_7852104435321461672yui_3_16_0_ym19_1_1488916029882_8686\"><span id=\"m_7852104435321461672yui_3_16_0_ym19_1_1488916029882_8685\">Ser&aacute;n convocadas todas las afiliadas entre 25 y 65 a&ntilde;os para realizarse el papanicolaou. En tiempos donde la mujer es sumamente activa y cumple diversos roles en la sociedad, a veces, por cuestiones de tiempo o desconocimiento, descuida su salud y es importante brindarle el acceso f&aacute;cil y r&aacute;pido para hacerse los estudios.<\/span><\/span><\/div>\n<div id=\"m_7852104435321461672yui_3_16_0_ym19_1_1488916029882_8684\"><\/div>\n<div id=\"m_7852104435321461672yui_3_16_0_ym19_1_1488916029882_8683\"><span id=\"m_7852104435321461672yui_3_16_0_ym19_1_1488916029882_8682\"><span id=\"m_7852104435321461672yui_3_16_0_ym19_1_1488916029882_8681\">De esta manera se presentar&aacute; la campa&ntilde;a &ldquo;Hacete el Pap&rdquo; con los horarios y d&iacute;as que dispone la Sede de Alvear para realizar el papanicolaou sin turnos y gratis a todas las mujeres que lo deseen.<\/span><\/span><\/div>\n<div><\/div>\n<div><a href=\"https:\/\/www.mendoza.gov.ar\/prensa\/wp-content\/uploads\/sites\/23\/osep-1.jpg\"><img loading=\"lazy\" class=\"alignnone  wp-image-82806 img-responsive center-block\" src=\"https:\/\/www.mendoza.gov.ar\/prensa\/wp-content\/uploads\/sites\/23\/osep-1.jpg\" alt=\"osep 1\" width=\"571\" height=\"405\"><\/a><\/div>\n<div><a href=\"https:\/\/www.mendoza.gov.ar\/prensa\/wp-content\/uploads\/sites\/23\/osep-2.jpg\"><img loading=\"lazy\" class=\"alignnone  wp-image-82807 img-responsive center-block\" src=\"https:\/\/www.mendoza.gov.ar\/prensa\/wp-content\/uploads\/sites\/23\/osep-2.jpg\" alt=\"\" width=\"572\" height=\"404\"><\/a><\/div>\n<div><a href=\"https:\/\/www.mendoza.gov.ar\/prensa\/wp-content\/uploads\/sites\/23\/osep-3.jpg\"><img loading=\"lazy\" class=\"alignnone wp-image-82808 img-responsive center-block\" src=\"https:\/\/www.mendoza.gov.ar\/prensa\/wp-content\/uploads\/sites\/23\/osep-3.jpg\" alt=\"\" width=\"571\" height=\"396\"><\/a><\/div>\n<div><a href=\"https:\/\/www.mendoza.gov.ar\/prensa\/wp-content\/uploads\/sites\/23\/osep-4.jpg\"><img loading=\"lazy\" class=\"alignnone  wp-image-82809 img-responsive center-block\" src=\"https:\/\/www.mendoza.gov.ar\/prensa\/wp-content\/uploads\/sites\/23\/osep-4.jpg\" alt=\"\" width=\"575\" height=\"341\"><\/a><\/div>\n<\/body><\/html>\n","protected":false},"excerpt":{"rendered":"En coincidencia con el D\u00eda Internacional de la Mujer, profesionales de OSEP Alvear brindar\u00e1n una charla preventiva sobre c\u00e1ncer de cuello de \u00fatero en el recinto del Honorable Consejo Deliberante de General Alvear, a las 11.","protected":false},"author":2,"featured_media":82806,"comment_status":"open","ping_status":"open","sticky":false,"template":"","format":"standard","meta":[],"categories":[30],"tags":[],"_links":{"self":[{"href":"https:\/\/www.mendoza.gov.ar\/prensa\/wp-json\/wp\/v2\/posts\/82803"}],"collection":[{"href":"https:\/\/www.mendoza.gov.ar\/prensa\/wp-json\/wp\/v2\/posts"}],"about":[{"href":"https:\/\/www.mendoza.gov.ar\/prensa\/wp-json\/wp\/v2\/types\/post"}],"author":[{"embeddable":true,"href":"https:\/\/www.mendoza.gov.ar\/prensa\/wp-json\/wp\/v2\/users\/2"}],"replies":[{"embeddable":true,"href":"https:\/\/www.mendoza.gov.ar\/prensa\/wp-json\/wp\/v2\/comments?post=82803"}],"version-history":[{"count":0,"href":"https:\/\/www.mendoza.gov.ar\/prensa\/wp-json\/wp\/v2\/posts\/82803\/revisions"}],"wp:featuredmedia":[{"embeddable":true,"href":"https:\/\/www.mendoza.gov.ar\/prensa\/wp-json\/wp\/v2\/media\/82806"}],"wp:attachment":[{"href":"https:\/\/www.mendoza.gov.ar\/prensa\/wp-json\/wp\/v2\/media?parent=82803"}],"wp:term":[{"taxonomy":"category","embeddable":true,"href":"https:\/\/www.mendoza.gov.ar\/prensa\/wp-json\/wp\/v2\/categories?post=82803"},{"taxonomy":"post_tag","embeddable":true,"href":"https:\/\/www.mendoza.gov.ar\/prensa\/wp-json\/wp\/v2\/tags?post=82803"}],"curies":[{"name":"wp","href":"https:\/\/api.w.org\/{rel}","templated":true}]}}