{"id":82811,"date":"2017-03-08T10:00:02","date_gmt":"2017-03-08T13:00:02","guid":{"rendered":"http:\/\/prensa.mendoza.gov.ar\/?p=82811"},"modified":"2017-03-08T10:00:02","modified_gmt":"2017-03-08T13:00:02","slug":"el-valle-de-uco-tiene-la-mayor-cantidad-de-hectareas-cultivadas-de-hortalizas-de-verano","status":"publish","type":"post","link":"https:\/\/www.mendoza.gov.ar\/prensa\/el-valle-de-uco-tiene-la-mayor-cantidad-de-hectareas-cultivadas-de-hortalizas-de-verano\/","title":{"rendered":"El Valle de Uco tiene la mayor cantidad de hect\u00e1reas cultivadas de hortalizas de verano"},"content":{"rendered":"<!DOCTYPE html PUBLIC \"-\/\/W3C\/\/DTD HTML 4.0 Transitional\/\/EN\" \"http:\/\/www.w3.org\/TR\/REC-html40\/loose.dtd\">\n<html><body><div id=\"m_3503260251456254344yiv3539135916yui_3_16_0_ym19_1_1488893478833_95638\"><span id=\"m_3503260251456254344yiv3539135916yui_3_16_0_ym19_1_1488893478833_95652\">El Instituto de Desarrollo Rural (IDR) present&oacute; los resultados del relevamiento hort&iacute;cola de la temporada verano 2016\/17. Se centr&oacute; en los <\/span><span id=\"m_3503260251456254344yiv3539135916yui_3_16_0_ym19_1_1488893478833_95653\">departamentos m&aacute;s importantes en la producci&oacute;n de hortalizas, es decir Lavalle, Maip&uacute;, Guaymall&eacute;n, Luj&aacute;n, San Mart&iacute;n, Rivadavia (s&oacute;lo en el caso de tomate para industria), San Carlos, Tupungato y Tunuy&aacute;n.<\/span><\/div>\n<div><\/div>\n<div id=\"m_3503260251456254344yiv3539135916yui_3_16_0_ym19_1_1488893478833_95656\"><span id=\"m_3503260251456254344yiv3539135916yui_3_16_0_ym19_1_1488893478833_95657\">Seg&uacute;n los resultados, el<\/span><span id=\"m_3503260251456254344yiv3539135916yui_3_16_0_ym19_1_1488893478833_95658\" lang=\"ES-AR\"> Valle de Uco es el de mayor n&uacute;mero de hect&aacute;reas cultivadas. San Carlos tiene 3.717 hect&aacute;reas, aunque es 8% menor que lo plantado en la temporada anterior. Por su parte, Tupungato cuenta, para esta temporada, con 1.752 hect&aacute;reas. Le sigue Maip&uacute;, con 2.877 hect&aacute;reas, que corresponden a 10% de incremento.<\/span><\/div>\n<div><\/div>\n<div id=\"m_3503260251456254344yiv3539135916yui_3_16_0_ym19_1_1488893478833_95660\"><span id=\"m_3503260251456254344yiv3539135916yui_3_16_0_ym19_1_1488893478833_95661\" lang=\"ES-AR\">L<\/span><span id=\"m_3503260251456254344yiv3539135916yui_3_16_0_ym19_1_1488893478833_95662\" lang=\"ES-AR\">as principales especies hort&iacute;colas cultivadas en verano son papa, que llega al 18 %; zapallo (coreano, calabaza, tipo ingl&eacute;s o cabuto y del a&ntilde;o), que alcanza el 25%, tomate perita (18%), zanahoria (9%), choclo (5%) y or&eacute;gano (7%), las que representan el 82% del total estival.<\/span><\/div>\n<div><\/div>\n<div id=\"m_3503260251456254344yiv3539135916yui_3_16_0_ym19_1_1488893478833_95664\"><span id=\"m_3503260251456254344yiv3539135916yui_3_16_0_ym19_1_1488893478833_95665\" lang=\"ES-AR\">Las otras hortalizas representan el 7 % y son&nbsp;alcaucil, acelga, apio, achicoria, ajo puerro, br&oacute;coli, cilantro, coliflor, escarola, rabanito, habas, repollo, repollito de Bruselas, berenjena, remolacha, perejil, camote, pepino, r&uacute;cula, hinojo, zapallito del tronco, zapallo italiano, radicheta, tomate cherry y lollo rosso.<\/span><\/div>\n<div><\/div>\n<div id=\"m_3503260251456254344yiv3539135916yui_3_16_0_ym19_1_1488893478833_95667\"><span id=\"m_3503260251456254344yiv3539135916yui_3_16_0_ym19_1_1488893478833_95668\" lang=\"ES-AR\">Las principales provincias productoras son Buenos Aires, Mendoza, C&oacute;rdoba, Santiago del Estero, Misiones, Santa Fe, Corrientes, Tucum&aacute;n, Formosa, Salta, Chaco, Jujuy, San Juan y R&iacute;o Negro.<\/span><\/div>\n<div><\/div>\n<div id=\"m_3503260251456254344yiv3539135916yui_3_16_0_ym19_1_1488893478833_95670\"><span id=\"m_3503260251456254344yiv3539135916yui_3_16_0_ym19_1_1488893478833_95671\" lang=\"ES-AR\">Mendoza, tradicionalmente productora de hortalizas, ocupa el segundo lugar en el&nbsp; pa&iacute;s y constituye la tercera actividad agr&iacute;cola de la provincia por superficie, despu&eacute;s de la vid y los frutales, aunque es la primera por ocupaci&oacute;n de mano de obra.<\/span><\/div>\n<div><\/div>\n<div id=\"m_3503260251456254344yiv3539135916yui_3_16_0_ym19_1_1488893478833_95673\" dir=\"ltr\"><span id=\"m_3503260251456254344yiv3539135916yui_3_16_0_ym19_1_1488893478833_95674\" lang=\"ES-AR\">En la provincia se distinguen dos &eacute;pocas importantes de siembra: entre enero y agosto para las hortalizas de invierno y desde septiembre a enero para las hortalizas de verano, aunque tambi&eacute;n se realizan siembras intermedias, principalmente de hortalizas de hoja.&nbsp; &nbsp; &nbsp;&nbsp;<\/span><\/div>\n<\/body><\/html>\n","protected":false},"excerpt":{"rendered":"As\u00ed se desprende del balance de la temporada 2016\/17 que realiz\u00f3 el Instituto de Desarrollo Rural. Creci\u00f3 la plantaci\u00f3n en Maip\u00fa y decay\u00f3 en San Carlos.","protected":false},"author":2,"featured_media":82812,"comment_status":"open","ping_status":"open","sticky":false,"template":"","format":"standard","meta":[],"categories":[1],"tags":[],"_links":{"self":[{"href":"https:\/\/www.mendoza.gov.ar\/prensa\/wp-json\/wp\/v2\/posts\/82811"}],"collection":[{"href":"https:\/\/www.mendoza.gov.ar\/prensa\/wp-json\/wp\/v2\/posts"}],"about":[{"href":"https:\/\/www.mendoza.gov.ar\/prensa\/wp-json\/wp\/v2\/types\/post"}],"author":[{"embeddable":true,"href":"https:\/\/www.mendoza.gov.ar\/prensa\/wp-json\/wp\/v2\/users\/2"}],"replies":[{"embeddable":true,"href":"https:\/\/www.mendoza.gov.ar\/prensa\/wp-json\/wp\/v2\/comments?post=82811"}],"version-history":[{"count":0,"href":"https:\/\/www.mendoza.gov.ar\/prensa\/wp-json\/wp\/v2\/posts\/82811\/revisions"}],"wp:featuredmedia":[{"embeddable":true,"href":"https:\/\/www.mendoza.gov.ar\/prensa\/wp-json\/wp\/v2\/media\/82812"}],"wp:attachment":[{"href":"https:\/\/www.mendoza.gov.ar\/prensa\/wp-json\/wp\/v2\/media?parent=82811"}],"wp:term":[{"taxonomy":"category","embeddable":true,"href":"https:\/\/www.mendoza.gov.ar\/prensa\/wp-json\/wp\/v2\/categories?post=82811"},{"taxonomy":"post_tag","embeddable":true,"href":"https:\/\/www.mendoza.gov.ar\/prensa\/wp-json\/wp\/v2\/tags?post=82811"}],"curies":[{"name":"wp","href":"https:\/\/api.w.org\/{rel}","templated":true}]}}