{"id":82928,"date":"2017-03-09T12:24:26","date_gmt":"2017-03-09T15:24:26","guid":{"rendered":"http:\/\/prensa.mendoza.gov.ar\/?p=82928"},"modified":"2017-03-09T12:24:26","modified_gmt":"2017-03-09T15:24:26","slug":"la-lucha-antigranizo-intervino-en-los-cuatro-oasis","status":"publish","type":"post","link":"https:\/\/www.mendoza.gov.ar\/prensa\/la-lucha-antigranizo-intervino-en-los-cuatro-oasis\/","title":{"rendered":"La Lucha Antigranizo intervino en los cuatro oasis"},"content":{"rendered":"<!DOCTYPE html PUBLIC \"-\/\/W3C\/\/DTD HTML 4.0 Transitional\/\/EN\" \"http:\/\/www.w3.org\/TR\/REC-html40\/loose.dtd\">\n<html><body><div class=\"adn ads\">\n<div class=\"gs\">\n<div id=\":oe\" class=\"ii gt adP adO\">\n<div id=\":od\" class=\"a3s aXjCH m15ab3a13cd92b1ac\">\n<div id=\"m_-4174238141086116924yui_3_16_0_ym19_1_1489072015419_4053\">El Sistema Integral de Lucha Antigranizo trabaj&oacute; intensamente en la jornada del mi&eacute;rcoles debido al gran n&uacute;mero de tormentas que amenazaron las zonas productivas. En el Sur, donde se registr&oacute; el mayor n&uacute;mero de c&eacute;lulas graniceras,&nbsp; las aeronaves trabajaron por m&aacute;s de seis horas, en el Este las operaciones se extendieron tres horas y en Valle de Uco estuvo activa la red de generadores de superficie.<\/div>\n<div id=\"m_-4174238141086116924yui_3_16_0_ym19_1_1489072015419_4059\"><span lang=\"ES-AR\">&nbsp;<\/span><\/div>\n<div id=\"m_-4174238141086116924yui_3_16_0_ym19_1_1489072015419_4062\"><span id=\"m_-4174238141086116924yui_3_16_0_ym19_1_1489072015419_4063\" lang=\"ES-AR\">Las observaciones de radar indican que en los oasis Este, Centro y Sur se registraron lluvias moderadas a fuertes y que en algunos parajes del Sur tambi&eacute;n precipit&oacute; granizo.<\/span><\/div>\n<div id=\"m_-4174238141086116924yui_3_16_0_ym19_1_1489072015419_4062\"><span lang=\"ES-AR\">&nbsp;<\/span><\/div>\n<div id=\"m_-4174238141086116924yui_3_16_0_ym19_1_1489072015419_4065\"><span id=\"m_-4174238141086116924yui_3_16_0_ym19_1_1489072015419_4066\" lang=\"ES-AR\">Seg&uacute;n este informe, en el Este se observaron lluvias moderadas a intensas en &aacute;reas con cultivos de La Paz (en toda la zona cultivada), Santa Rosa (Las Catitas, La Dormida, Villa, 12 de Octubre, La Costa, El Marcado), Rivadavia (Santa Mar&iacute;a de Oro, Los Campamentos, El Mirador, La Central) y Jun&iacute;n (Phillips). Adem&aacute;s, graniz&oacute; en zonas de campo de La Paz (norte de Desaguadero)y Santa Rosa (sector norte).<\/span><\/div>\n<div id=\"m_-4174238141086116924yui_3_16_0_ym19_1_1489072015419_4065\"><span lang=\"ES-AR\">&nbsp;<\/span><\/div>\n<div id=\"m_-4174238141086116924yui_3_16_0_ym19_1_1489072015419_4068\"><span id=\"m_-4174238141086116924yui_3_16_0_ym19_1_1489072015419_4069\" lang=\"ES-AR\">En el Valle de Uco se registraron lluvias moderadas en Tunuy&aacute;n (Furno y El Alto Verde). T<\/span>ambi&eacute;n en se observaron lluvias en &aacute;reas sin cultivar, en el sector este de Tunuy&aacute;n.<\/div>\n<div id=\"m_-4174238141086116924yui_3_16_0_ym19_1_1489072015419_4068\"><span lang=\"ES-AR\">&nbsp;<\/span><\/div>\n<div id=\"m_-4174238141086116924yui_3_16_0_ym19_1_1489072015419_4071\"><span id=\"m_-4174238141086116924yui_3_16_0_ym19_1_1489072015419_4072\" lang=\"ES-AR\">En tanto, en el oasis Sur, se detect&oacute; lluvia fuerte y granizo en distritos de San Rafael (Las Paredes, El Cerrito, ciudad de San Rafael, Cuadro Nacional, Ca&ntilde;ada Seca, Jaime Prats, Villa 25 de Mayo, Cuadro Benegas, Rama Ca&iacute;da y Goudge) y General Alvear (San Pedro del Atuel). Tambi&eacute;n precipit&oacute; granizo en zonas sin cultivar de San Rafael (Reyunos, El Tigre, Cuesta de Los Terneros, Valle Grande, Punta de Agua) y General Alvear (Carmensa, Cochic&oacute;).<\/span><\/div>\n<div id=\"m_-4174238141086116924yui_3_16_0_ym19_1_1489072015419_4071\"><span lang=\"ES-AR\">&nbsp;<\/span><\/div>\n<div>Para este jueves, el pron&oacute;stico elaborado por la Direcci&oacute;n de Agricultura y Contingencias Clim&aacute;ticas &nbsp;se&ntilde;ala: inestable en la ma&ntilde;ana con presencia de nubosidad baja y algunas lluvias, por la tarde ingresa sistema de alta presi&oacute;n generando una mejor&iacute;a en el estado del tiempo, temperatura m&aacute;xima 26&deg;C.<\/div>\n<\/div>\n<div class=\"yj6qo\"><\/div>\n<\/div>\n<div id=\":lw\" class=\"hq gt a10\"><\/div>\n<div class=\"hi\"><\/div>\n<\/div>\n<div class=\"ajx\"><\/div>\n<\/div>\n<div class=\"gA gt acV\"><\/div>\n<\/body><\/html>\n","protected":false},"excerpt":{"rendered":"La mayor cantidad de c\u00e9lulas se present\u00f3 en el Sur. Precipit\u00f3 granizo en parajes productivos.","protected":false},"author":2,"featured_media":82931,"comment_status":"open","ping_status":"open","sticky":false,"template":"","format":"standard","meta":[],"categories":[1],"tags":[],"_links":{"self":[{"href":"https:\/\/www.mendoza.gov.ar\/prensa\/wp-json\/wp\/v2\/posts\/82928"}],"collection":[{"href":"https:\/\/www.mendoza.gov.ar\/prensa\/wp-json\/wp\/v2\/posts"}],"about":[{"href":"https:\/\/www.mendoza.gov.ar\/prensa\/wp-json\/wp\/v2\/types\/post"}],"author":[{"embeddable":true,"href":"https:\/\/www.mendoza.gov.ar\/prensa\/wp-json\/wp\/v2\/users\/2"}],"replies":[{"embeddable":true,"href":"https:\/\/www.mendoza.gov.ar\/prensa\/wp-json\/wp\/v2\/comments?post=82928"}],"version-history":[{"count":0,"href":"https:\/\/www.mendoza.gov.ar\/prensa\/wp-json\/wp\/v2\/posts\/82928\/revisions"}],"wp:featuredmedia":[{"embeddable":true,"href":"https:\/\/www.mendoza.gov.ar\/prensa\/wp-json\/wp\/v2\/media\/82931"}],"wp:attachment":[{"href":"https:\/\/www.mendoza.gov.ar\/prensa\/wp-json\/wp\/v2\/media?parent=82928"}],"wp:term":[{"taxonomy":"category","embeddable":true,"href":"https:\/\/www.mendoza.gov.ar\/prensa\/wp-json\/wp\/v2\/categories?post=82928"},{"taxonomy":"post_tag","embeddable":true,"href":"https:\/\/www.mendoza.gov.ar\/prensa\/wp-json\/wp\/v2\/tags?post=82928"}],"curies":[{"name":"wp","href":"https:\/\/api.w.org\/{rel}","templated":true}]}}