{"id":82933,"date":"2017-03-09T12:32:36","date_gmt":"2017-03-09T15:32:36","guid":{"rendered":"http:\/\/prensa.mendoza.gov.ar\/?p=82933"},"modified":"2017-03-09T12:32:36","modified_gmt":"2017-03-09T15:32:36","slug":"pap-talleres-y-actividades-de-osep-en-potrerillos","status":"publish","type":"post","link":"https:\/\/www.mendoza.gov.ar\/prensa\/pap-talleres-y-actividades-de-osep-en-potrerillos\/","title":{"rendered":"El M\u00f3vil Ginecol\u00f3gico de OSEP atiende hoy y ma\u00f1ana en Potrerillos"},"content":{"rendered":"<!DOCTYPE html PUBLIC \"-\/\/W3C\/\/DTD HTML 4.0 Transitional\/\/EN\" \"http:\/\/www.w3.org\/TR\/REC-html40\/loose.dtd\">\n<html><body><div id=\"m_2382527051376160243yui_3_16_0_ym19_1_1489070917910_7718\" align=\"JUSTIFY\">\n<p>El jueves 9 y el viernes 10 de marzo, se instalar&aacute; en Potrerillos el M&oacute;vil Ginecol&oacute;gico de la Obra Social de Empleados P&uacute;blicos (OSEP) para afiliadas que a&uacute;n no se han realizado el Papanicolau (PAP). Atender&aacute; en el centro integrador comunitario (CIC) de 10 a 14.<\/p>\n<p>Los controles ginecol&oacute;gicos son fundamentales para la detecci&oacute;n de enfermedades, en especial las relacionadas con el cuello de &uacute;tero. Es recomendable realizarlos una vez al a&ntilde;o e involucran, entre otros, el Papanicolaou.<\/p>\n<p>Adem&aacute;s, en los d&iacute;as mencionados habr&aacute; talleres abiertos a la comunidad sobre lactancia materna y cocina saludable. Asimismo, se realizar&aacute;n controles de diabetes, obesidad y oftalmol&oacute;gicos y se empadronar&aacute; a futuras mam&aacute;s en el Plan Nacer de la obra social.<\/p>\n<p>Los profesionales que atender&aacute;n pertenecen a OSEP Luj&aacute;n y al programa Salud de la Mujer.<\/p>\n<\/div>\n<\/body><\/html>\n","protected":false},"excerpt":{"rendered":"Adem\u00e1s, profesionales dar\u00e1n charlas abiertas sobre lactancia materna, cocina saludable, control de diabetes y obesidad, realizar\u00e1n controles oftalmol\u00f3gicos preventivos y empadronamientos en el programa Plan Nacer.","protected":false},"author":2,"featured_media":82934,"comment_status":"open","ping_status":"open","sticky":false,"template":"","format":"standard","meta":[],"categories":[30],"tags":[],"_links":{"self":[{"href":"https:\/\/www.mendoza.gov.ar\/prensa\/wp-json\/wp\/v2\/posts\/82933"}],"collection":[{"href":"https:\/\/www.mendoza.gov.ar\/prensa\/wp-json\/wp\/v2\/posts"}],"about":[{"href":"https:\/\/www.mendoza.gov.ar\/prensa\/wp-json\/wp\/v2\/types\/post"}],"author":[{"embeddable":true,"href":"https:\/\/www.mendoza.gov.ar\/prensa\/wp-json\/wp\/v2\/users\/2"}],"replies":[{"embeddable":true,"href":"https:\/\/www.mendoza.gov.ar\/prensa\/wp-json\/wp\/v2\/comments?post=82933"}],"version-history":[{"count":0,"href":"https:\/\/www.mendoza.gov.ar\/prensa\/wp-json\/wp\/v2\/posts\/82933\/revisions"}],"wp:featuredmedia":[{"embeddable":true,"href":"https:\/\/www.mendoza.gov.ar\/prensa\/wp-json\/wp\/v2\/media\/82934"}],"wp:attachment":[{"href":"https:\/\/www.mendoza.gov.ar\/prensa\/wp-json\/wp\/v2\/media?parent=82933"}],"wp:term":[{"taxonomy":"category","embeddable":true,"href":"https:\/\/www.mendoza.gov.ar\/prensa\/wp-json\/wp\/v2\/categories?post=82933"},{"taxonomy":"post_tag","embeddable":true,"href":"https:\/\/www.mendoza.gov.ar\/prensa\/wp-json\/wp\/v2\/tags?post=82933"}],"curies":[{"name":"wp","href":"https:\/\/api.w.org\/{rel}","templated":true}]}}