{"id":83044,"date":"2017-03-13T07:00:21","date_gmt":"2017-03-13T10:00:21","guid":{"rendered":"http:\/\/prensa.mendoza.gov.ar\/?p=83044"},"modified":"2017-03-13T07:00:21","modified_gmt":"2017-03-13T10:00:21","slug":"estacion-terminal-mendoza-s-a-tendra-a-su-cargo-la-concesion-de-la-terminal-de-omnibus-de-la-provincia","status":"publish","type":"post","link":"https:\/\/www.mendoza.gov.ar\/prensa\/estacion-terminal-mendoza-s-a-tendra-a-su-cargo-la-concesion-de-la-terminal-de-omnibus-de-la-provincia\/","title":{"rendered":"Estaci\u00f3n Terminal Mendoza SA tendr\u00e1 a cargo la concesi\u00f3n de la terminal"},"content":{"rendered":"<!DOCTYPE html PUBLIC \"-\/\/W3C\/\/DTD HTML 4.0 Transitional\/\/EN\" \"http:\/\/www.w3.org\/TR\/REC-html40\/loose.dtd\">\n<html><body><p>La Secretar&iacute;a de Servicios P&uacute;blicos realiz&oacute; en enero la apertura de sobres del llamado a licitaci&oacute;n para la &ldquo;Concesi&oacute;n de la Explotaci&oacute;n Integral, Administraci&oacute;n y Refuncionalizaci&oacute;n de la Estaci&oacute;n Terminal de &Oacute;mnibus de Mendoza&rdquo;. En el proceso particip&oacute; un solo oferente, Estaci&oacute;n Terminal Mendoza Sociedad An&oacute;nima, a quien el Gobierno decidi&oacute; adjudicarle la concesi&oacute;n por 20 a&ntilde;os, luego de analizar la propuesta.<\/p>\n<p>El proyecto contempla una inversi&oacute;n aproximada de 260 millones de pesos para cumplir con la remodelaci&oacute;n y restructuraci&oacute;n del predio. El plazo para la concreci&oacute;n de la obra es de tres&nbsp;a&ntilde;os.<\/p>\n<p>La propuesta comprende la explotaci&oacute;n econ&oacute;mica de las &aacute;reas rentables; la administraci&oacute;n general del funcionamiento de la estaci&oacute;n y de &aacute;reas anexas; la ejecuci&oacute;n de la totalidad de trabajos y obras necesarias para la refuncionalizaci&oacute;n; la reparaci&oacute;n, mantenimiento o reposici&oacute;n de los sistemas e instalaciones afectados al funcionamiento; la prestaci&oacute;n de servicios complementarios (como salud, seguridad, informaci&oacute;n, etc.); los servicios de seguridad y vigilancia, la limpieza del edificio en las &aacute;reas de circulaci&oacute;n peatonal y vehicular y la atenci&oacute;n de jardines y del entorno.<\/p>\n<p><a href=\"https:\/\/www.mendoza.gov.ar\/prensa\/wp-content\/uploads\/sites\/23\/BMA-TMENDOZA-INT-CAM02-05.jpg\"><img loading=\"lazy\" class=\"alignnone wp-image-83046 img-responsive center-block\" src=\"https:\/\/www.mendoza.gov.ar\/prensa\/wp-content\/uploads\/sites\/23\/BMA-TMENDOZA-INT-CAM02-05.jpg\" alt=\"\" width=\"650\" height=\"425\"><\/a><\/p>\n<p>Pese al otorgamiento en concesi&oacute;n de la Terminal, la Secretar&iacute;a de Servicios P&uacute;blicos seguir&aacute; de cerca a la sociedad a cargo de los trabajos y podr&aacute; formular o reformular las condiciones de prestaci&oacute;n que garanticen la adecuaci&oacute;n de las instalaciones o la prestaci&oacute;n del servicio. Adem&aacute;s, tendr&aacute; la facultad de efectuar auditor&iacute;as t&eacute;cnicas&nbsp;y evaluaciones operativas y econ&oacute;micas al concesionario.<\/p>\n<p>Desde la Terminal de &Oacute;mnibus salen alrededor de 1.800&nbsp;colectivos por d&iacute;a, entre los servicios de media y corta distancia que circulan por la provincia y los servicios de larga distancia. Casi 80 mil personas transitan a diario por el predio.<\/p>\n<\/body><\/html>\n","protected":false},"excerpt":{"rendered":"El proyecto contempla una inversi\u00f3n de 260 millones de pesos, con un plazo de ejecuci\u00f3n de obras de tres a\u00f1os. El Gobierno seguir\u00e1 de cerca los trabajos, para garantizar la correcta prestaci\u00f3n de todos los servicios.","protected":false},"author":2,"featured_media":83045,"comment_status":"open","ping_status":"open","sticky":false,"template":"","format":"standard","meta":[],"categories":[34],"tags":[],"_links":{"self":[{"href":"https:\/\/www.mendoza.gov.ar\/prensa\/wp-json\/wp\/v2\/posts\/83044"}],"collection":[{"href":"https:\/\/www.mendoza.gov.ar\/prensa\/wp-json\/wp\/v2\/posts"}],"about":[{"href":"https:\/\/www.mendoza.gov.ar\/prensa\/wp-json\/wp\/v2\/types\/post"}],"author":[{"embeddable":true,"href":"https:\/\/www.mendoza.gov.ar\/prensa\/wp-json\/wp\/v2\/users\/2"}],"replies":[{"embeddable":true,"href":"https:\/\/www.mendoza.gov.ar\/prensa\/wp-json\/wp\/v2\/comments?post=83044"}],"version-history":[{"count":0,"href":"https:\/\/www.mendoza.gov.ar\/prensa\/wp-json\/wp\/v2\/posts\/83044\/revisions"}],"wp:featuredmedia":[{"embeddable":true,"href":"https:\/\/www.mendoza.gov.ar\/prensa\/wp-json\/wp\/v2\/media\/83045"}],"wp:attachment":[{"href":"https:\/\/www.mendoza.gov.ar\/prensa\/wp-json\/wp\/v2\/media?parent=83044"}],"wp:term":[{"taxonomy":"category","embeddable":true,"href":"https:\/\/www.mendoza.gov.ar\/prensa\/wp-json\/wp\/v2\/categories?post=83044"},{"taxonomy":"post_tag","embeddable":true,"href":"https:\/\/www.mendoza.gov.ar\/prensa\/wp-json\/wp\/v2\/tags?post=83044"}],"curies":[{"name":"wp","href":"https:\/\/api.w.org\/{rel}","templated":true}]}}