{"id":83050,"date":"2017-03-12T09:00:36","date_gmt":"2017-03-12T12:00:36","guid":{"rendered":"http:\/\/prensa.mendoza.gov.ar\/?p=83050"},"modified":"2017-03-12T09:00:36","modified_gmt":"2017-03-12T12:00:36","slug":"vuelve-el-servicio-movil-de-recarga-de-red-bus-a-la-uncuyo","status":"publish","type":"post","link":"https:\/\/www.mendoza.gov.ar\/prensa\/vuelve-el-servicio-movil-de-recarga-de-red-bus-a-la-uncuyo\/","title":{"rendered":"Vuelve el servicio m\u00f3vil de recarga de Red Bus a la UNCuyo"},"content":{"rendered":"<!DOCTYPE html PUBLIC \"-\/\/W3C\/\/DTD HTML 4.0 Transitional\/\/EN\" \"http:\/\/www.w3.org\/TR\/REC-html40\/loose.dtd\">\n<html><body><p>El pr&oacute;ximo lunes&nbsp;13 de marzo comenzar&aacute; a funcionar nuevamente el servicio m&oacute;vil de recarga de abonos y tarjetas comunes en el estacionamiento del Comedor Universitario de la Universidad Nacional de Cuyo.<\/p>\n<p>De este modo, tanto estudiantes como el personal que se desempe&ntilde;a en la universidad&nbsp;podr&aacute;n recargar su abono o tarjeta com&uacute;n de 9 a 16, los lunes, martes y mi&eacute;rcoles.<\/p>\n<p>La iniciativa de la Secretar&iacute;a de Servicios P&uacute;blicos y de la Secretar&iacute;a de Bienestar Universitario de la Universidad Nacional de Cuyo brinda una respuesta a la escasez de puntos de carga que existen en los alrededores del campus.<\/p>\n<p>Cabe &nbsp;recordar que en el servicio m&oacute;vil no se pueden tramitar abonos, s&oacute;lo realiza recargas de abonos y tarjetas comunes.<\/p>\n<\/body><\/html>\n","protected":false},"excerpt":{"rendered":"Ser\u00e1 a partir del lunes 13, en el Comedor Universitario, de lunes a mi\u00e9rcoles, de 9 a 16. Se podr\u00e1n recargar abonos y tarjetas comunes.","protected":false},"author":2,"featured_media":83051,"comment_status":"open","ping_status":"open","sticky":false,"template":"","format":"standard","meta":[],"categories":[34],"tags":[],"_links":{"self":[{"href":"https:\/\/www.mendoza.gov.ar\/prensa\/wp-json\/wp\/v2\/posts\/83050"}],"collection":[{"href":"https:\/\/www.mendoza.gov.ar\/prensa\/wp-json\/wp\/v2\/posts"}],"about":[{"href":"https:\/\/www.mendoza.gov.ar\/prensa\/wp-json\/wp\/v2\/types\/post"}],"author":[{"embeddable":true,"href":"https:\/\/www.mendoza.gov.ar\/prensa\/wp-json\/wp\/v2\/users\/2"}],"replies":[{"embeddable":true,"href":"https:\/\/www.mendoza.gov.ar\/prensa\/wp-json\/wp\/v2\/comments?post=83050"}],"version-history":[{"count":0,"href":"https:\/\/www.mendoza.gov.ar\/prensa\/wp-json\/wp\/v2\/posts\/83050\/revisions"}],"wp:featuredmedia":[{"embeddable":true,"href":"https:\/\/www.mendoza.gov.ar\/prensa\/wp-json\/wp\/v2\/media\/83051"}],"wp:attachment":[{"href":"https:\/\/www.mendoza.gov.ar\/prensa\/wp-json\/wp\/v2\/media?parent=83050"}],"wp:term":[{"taxonomy":"category","embeddable":true,"href":"https:\/\/www.mendoza.gov.ar\/prensa\/wp-json\/wp\/v2\/categories?post=83050"},{"taxonomy":"post_tag","embeddable":true,"href":"https:\/\/www.mendoza.gov.ar\/prensa\/wp-json\/wp\/v2\/tags?post=83050"}],"curies":[{"name":"wp","href":"https:\/\/api.w.org\/{rel}","templated":true}]}}