{"id":83405,"date":"2017-03-14T15:35:19","date_gmt":"2017-03-14T18:35:19","guid":{"rendered":"http:\/\/prensa.mendoza.gov.ar\/?p=83405"},"modified":"2017-03-14T15:35:19","modified_gmt":"2017-03-14T18:35:19","slug":"los-municipios-participan-en-la-creacion-de-un-portal-de-gestion-al-ciudadano","status":"publish","type":"post","link":"https:\/\/www.mendoza.gov.ar\/prensa\/los-municipios-participan-en-la-creacion-de-un-portal-de-gestion-al-ciudadano\/","title":{"rendered":"Los municipios participan en la creaci\u00f3n de un portal de gesti\u00f3n al ciudadano"},"content":{"rendered":"<!DOCTYPE html PUBLIC \"-\/\/W3C\/\/DTD HTML 4.0 Transitional\/\/EN\" \"http:\/\/www.w3.org\/TR\/REC-html40\/loose.dtd\">\n<html><body><p>La Subsecretar&iacute;a de Gesti&oacute;n P&uacute;blica y Modernizaci&oacute;n, del Ministerio de Gobierno, Trabajo y Justicia convoc&oacute; a los municipios de Mendoza a participar en una capacitaci&oacute;n sobre el portal de Gesti&oacute;n al Ciudadano que impulsa la Secretar&iacute;a de Pa&iacute;s Digital de Naci&oacute;n.<\/p>\n<p>La capacitaci&oacute;n se realiz&oacute; en la sede de la Municipalidad de Capital y asistieron representantes de Lavalle, Las Heras, Godoy Cruz, Luj&aacute;n de Cuyo, Jun&iacute;n, Malarg&uuml;e y Tunuy&aacute;n. Durante la jornada se dieron a conocer nuevas ideas y proyectos que pueden incorporarse en cada sitio oficial.<\/p>\n<p>El director de Pol&iacute;ticas P&uacute;blicas e Innovaci&oacute;n de la Provincia, Rub&eacute;n Zavi, explic&oacute; que &ldquo;el portal es una soluci&oacute;n que se brinda a las p&aacute;ginas de los municipios para que, por un lado, los ciudadanos puedan hacer reclamos con un sistema de seguimiento y, por otro, para que las comunas cuenten con informaci&oacute;n que les facilite la toma de decisiones. Es una de las tantas soluciones que se busca incorporar a los municipios&rdquo;.<\/p>\n<\/body><\/html>\n","protected":false},"excerpt":{"rendered":"Representantes de Lavalle, Las Heras, Godoy Cruz, Luj\u00e1n de Cuyo, Jun\u00edn, Malargue y Tunuy\u00e1n, participaron en una capacitaci\u00f3n para incorporar nuevas herramientas a los sitios oficiales.","protected":false},"author":2,"featured_media":0,"comment_status":"open","ping_status":"open","sticky":false,"template":"","format":"standard","meta":[],"categories":[20],"tags":[],"_links":{"self":[{"href":"https:\/\/www.mendoza.gov.ar\/prensa\/wp-json\/wp\/v2\/posts\/83405"}],"collection":[{"href":"https:\/\/www.mendoza.gov.ar\/prensa\/wp-json\/wp\/v2\/posts"}],"about":[{"href":"https:\/\/www.mendoza.gov.ar\/prensa\/wp-json\/wp\/v2\/types\/post"}],"author":[{"embeddable":true,"href":"https:\/\/www.mendoza.gov.ar\/prensa\/wp-json\/wp\/v2\/users\/2"}],"replies":[{"embeddable":true,"href":"https:\/\/www.mendoza.gov.ar\/prensa\/wp-json\/wp\/v2\/comments?post=83405"}],"version-history":[{"count":0,"href":"https:\/\/www.mendoza.gov.ar\/prensa\/wp-json\/wp\/v2\/posts\/83405\/revisions"}],"wp:attachment":[{"href":"https:\/\/www.mendoza.gov.ar\/prensa\/wp-json\/wp\/v2\/media?parent=83405"}],"wp:term":[{"taxonomy":"category","embeddable":true,"href":"https:\/\/www.mendoza.gov.ar\/prensa\/wp-json\/wp\/v2\/categories?post=83405"},{"taxonomy":"post_tag","embeddable":true,"href":"https:\/\/www.mendoza.gov.ar\/prensa\/wp-json\/wp\/v2\/tags?post=83405"}],"curies":[{"name":"wp","href":"https:\/\/api.w.org\/{rel}","templated":true}]}}