{"id":83427,"date":"2017-03-15T09:36:26","date_gmt":"2017-03-15T12:36:26","guid":{"rendered":"http:\/\/prensa.mendoza.gov.ar\/?p=83427"},"modified":"2017-03-15T09:36:26","modified_gmt":"2017-03-15T12:36:26","slug":"osep-puso-en-marcha-la-nueva-direccion-de-enfermeria","status":"publish","type":"post","link":"https:\/\/www.mendoza.gov.ar\/prensa\/osep-puso-en-marcha-la-nueva-direccion-de-enfermeria\/","title":{"rendered":"OSEP puso en marcha la nueva Direcci\u00f3n de Enfermer\u00eda"},"content":{"rendered":"<!DOCTYPE html PUBLIC \"-\/\/W3C\/\/DTD HTML 4.0 Transitional\/\/EN\" \"http:\/\/www.w3.org\/TR\/REC-html40\/loose.dtd\">\n<html><body><div id=\"m_-4615018411286272061yui_3_16_0_ym19_1_1489515192420_6918\">Con la asistencia del director general de la Obra Social de Empleados P&uacute;blicos (OSEP), Sergio Vergara, otras autoridades, la jefa y subjefa de enfermer&iacute;a de la provincia, Isabel Peralta y Mar&iacute;a del Carmen Carrillo respectivamente, y personal de la obra social, se present&oacute; la nueva Direcci&oacute;n de Enfermer&iacute;a.<\/div>\n<div><\/div>\n<div>En el acto, Vergara puso en funciones a la nueva directora de Enfermer&iacute;a, Mabel Arriagada. Destac&oacute; que esta es una nueva etapa donde pretende poner a la enfermer&iacute;a en un lugar destacado de la obra social. Manifest&oacute;&nbsp;adem&aacute;s que&nbsp;esta profesi&oacute;n cumple un papel fundamental dentro del sistema sanitario. Con esta direcci&oacute;n se busca&nbsp;lograr un cambio de paradigma y poner a la enfermer&iacute;a en el lugar que se merece dentro del sistema de salud.<\/div>\n<div><\/div>\n<div>&ldquo;El aporte que puede realizar un enfermero capacitado, que d&iacute;a a d&iacute;a se preocupa en formarse y brindar buen servicio, hace que la atenci&oacute;n al afiliado sea de excelencia&rdquo;, indic&oacute; Vergara, y destac&oacute; que dar&aacute; todo el apoyo a esta direcci&oacute;n con el fin de garantizar una mejor atenci&oacute;n a los afiliados.<\/div>\n<div id=\"m_-4615018411286272061yui_3_16_0_ym19_1_1489515192420_6901\"><\/div>\n<div id=\"m_-4615018411286272061yui_3_16_0_ym19_1_1489515192420_6922\" dir=\"ltr\">Por su parte,&nbsp;Mabel Arriagada indic&oacute; que ha planificado la protocolizaci&oacute;n de las acciones de la enfermer&iacute;a y la capacitaci&oacute;n permanente de los 700 enfermeros de&nbsp;la OSEP, entre otras acciones que abordar&aacute;&nbsp;su conducci&oacute;n.<\/div>\n<div dir=\"ltr\"><\/div>\n<div dir=\"ltr\"><a href=\"https:\/\/www.mendoza.gov.ar\/prensa\/wp-content\/uploads\/sites\/23\/DIRECCION-ENFERMERIA-ARRIAGADA-_DSC5347.jpg\"><img loading=\"lazy\" class=\"alignnone  wp-image-83456 img-responsive center-block\" src=\"https:\/\/www.mendoza.gov.ar\/prensa\/wp-content\/uploads\/sites\/23\/DIRECCION-ENFERMERIA-ARRIAGADA-_DSC5347.jpg\" alt=\"\" width=\"787\" height=\"562\"><\/a><\/div>\n<\/body><\/html>\n","protected":false},"excerpt":{"rendered":"Con este nombramiento se busca poner a la enfermer\u00eda en un lugar destacado de la obra social. Algunas acciones incluyen la protocolizaci\u00f3n de acciones y la capacitaci\u00f3n permanente de los 700 enfermeros.","protected":false},"author":2,"featured_media":83428,"comment_status":"open","ping_status":"open","sticky":false,"template":"","format":"standard","meta":[],"categories":[30],"tags":[],"_links":{"self":[{"href":"https:\/\/www.mendoza.gov.ar\/prensa\/wp-json\/wp\/v2\/posts\/83427"}],"collection":[{"href":"https:\/\/www.mendoza.gov.ar\/prensa\/wp-json\/wp\/v2\/posts"}],"about":[{"href":"https:\/\/www.mendoza.gov.ar\/prensa\/wp-json\/wp\/v2\/types\/post"}],"author":[{"embeddable":true,"href":"https:\/\/www.mendoza.gov.ar\/prensa\/wp-json\/wp\/v2\/users\/2"}],"replies":[{"embeddable":true,"href":"https:\/\/www.mendoza.gov.ar\/prensa\/wp-json\/wp\/v2\/comments?post=83427"}],"version-history":[{"count":0,"href":"https:\/\/www.mendoza.gov.ar\/prensa\/wp-json\/wp\/v2\/posts\/83427\/revisions"}],"wp:featuredmedia":[{"embeddable":true,"href":"https:\/\/www.mendoza.gov.ar\/prensa\/wp-json\/wp\/v2\/media\/83428"}],"wp:attachment":[{"href":"https:\/\/www.mendoza.gov.ar\/prensa\/wp-json\/wp\/v2\/media?parent=83427"}],"wp:term":[{"taxonomy":"category","embeddable":true,"href":"https:\/\/www.mendoza.gov.ar\/prensa\/wp-json\/wp\/v2\/categories?post=83427"},{"taxonomy":"post_tag","embeddable":true,"href":"https:\/\/www.mendoza.gov.ar\/prensa\/wp-json\/wp\/v2\/tags?post=83427"}],"curies":[{"name":"wp","href":"https:\/\/api.w.org\/{rel}","templated":true}]}}