{"id":83552,"date":"2017-03-15T18:34:53","date_gmt":"2017-03-15T21:34:53","guid":{"rendered":"http:\/\/prensa.mendoza.gov.ar\/?p=83552"},"modified":"2017-03-15T18:34:53","modified_gmt":"2017-03-15T21:34:53","slug":"osep-brindara-un-taller-para-aprender-a-poner-limites-en-los-ninos","status":"publish","type":"post","link":"https:\/\/www.mendoza.gov.ar\/prensa\/osep-brindara-un-taller-para-aprender-a-poner-limites-en-los-ninos\/","title":{"rendered":"OSEP brindar\u00e1 un taller para aprender a poner l\u00edmites a los ni\u00f1os"},"content":{"rendered":"<!DOCTYPE html PUBLIC \"-\/\/W3C\/\/DTD HTML 4.0 Transitional\/\/EN\" \"http:\/\/www.w3.org\/TR\/REC-html40\/loose.dtd\">\n<html><body><p>La Obra Social de Empleados P&uacute;blicos (OSEP) contin&uacute;a ofreciendo capacitaciones a sus afiliados en toda la provincia. En esta ocasi&oacute;n, el Departamento de Salud Mental organiza un taller de reflexi&oacute;n sobre los l&iacute;mites en la ni&ntilde;ez denominado&nbsp;&ldquo;Amor y l&iacute;mites van de la mano&rdquo;.<\/p>\n<p>En una era en lo que lo m&aacute;s importante es la felicidad de nuestros hijos y darles todo lo que ellos quieren, muchas veces los padres olvidan la necesidad de decir &ldquo;no&rdquo; a tiempo. Las restricciones son indispensables para la estructuraci&oacute;n del aparato ps&iacute;quico, pueden posibilitar o en su defecto perjudicar el mismo.<\/p>\n<p>Mar&iacute;a Deiber y Walter Isgr&oacute;, licenciados en psicolog&iacute;a, estar&aacute;n a cargo de este espacio que busca ense&ntilde;ar que la aceptaci&oacute;n de un l&iacute;mite es la capacidad de tolerar la frustraci&oacute;n que implica postergar un deseo o bien desplazarlo para buscar una satisfacci&oacute;n socialmente permitida. Por lo tanto, la premisa es que no se trata de evitarle al ni&ntilde;o situaciones traum&aacute;ticas sino de ense&ntilde;arle a aceptar las limitaciones.<\/p>\n<p>Otro de los ejes fundamentales del taller es que los l&iacute;mites se transmiten por adultos que ocupan un lugar significativo para el ni&ntilde;o e instalar el concepto que por amor a ellos es que el ni&ntilde;o los va aceptando y asumiendo para regular sus impulsos.<\/p>\n<p>Si bien no existe un manual o instructivo que nos ense&ntilde;e una manera correcta, &uacute;nica y acabada de decir &ldquo;no&rdquo;, hay herramientas que invitan a cuestionarnos y reflexionar sobre una tem&aacute;tica que convoca a todos para hacer de nuestros ni&ntilde;os personas responsables y coherentes.<\/p>\n<p>El taller comienza ma&ntilde;ana de 17.30 a 19.30 y se dictar&aacute; quincenalmente para que se puedan ir sumando nuevos interesados.<\/p>\n<p>Informes e inscripciones: Departamento de Salud Mental, Rioja 515 de Ciudad. Atenci&oacute;n: de&nbsp;lunes&nbsp;a&nbsp;viernes de 8.30 a 15. Tel&eacute;fonos 4615832&nbsp;y 4615833.<\/p>\n<p>&nbsp;<\/p>\n<\/body><\/html>\n","protected":false},"excerpt":{"rendered":"Se dictar\u00e1 a partir de ma\u00f1ana de 17.30 a 19 quincenalmente. Est\u00e1 destinado a padres de chicos de 4 a 12 a\u00f1os.\n\n","protected":false},"author":2,"featured_media":83553,"comment_status":"open","ping_status":"open","sticky":false,"template":"","format":"standard","meta":[],"categories":[30],"tags":[],"_links":{"self":[{"href":"https:\/\/www.mendoza.gov.ar\/prensa\/wp-json\/wp\/v2\/posts\/83552"}],"collection":[{"href":"https:\/\/www.mendoza.gov.ar\/prensa\/wp-json\/wp\/v2\/posts"}],"about":[{"href":"https:\/\/www.mendoza.gov.ar\/prensa\/wp-json\/wp\/v2\/types\/post"}],"author":[{"embeddable":true,"href":"https:\/\/www.mendoza.gov.ar\/prensa\/wp-json\/wp\/v2\/users\/2"}],"replies":[{"embeddable":true,"href":"https:\/\/www.mendoza.gov.ar\/prensa\/wp-json\/wp\/v2\/comments?post=83552"}],"version-history":[{"count":0,"href":"https:\/\/www.mendoza.gov.ar\/prensa\/wp-json\/wp\/v2\/posts\/83552\/revisions"}],"wp:featuredmedia":[{"embeddable":true,"href":"https:\/\/www.mendoza.gov.ar\/prensa\/wp-json\/wp\/v2\/media\/83553"}],"wp:attachment":[{"href":"https:\/\/www.mendoza.gov.ar\/prensa\/wp-json\/wp\/v2\/media?parent=83552"}],"wp:term":[{"taxonomy":"category","embeddable":true,"href":"https:\/\/www.mendoza.gov.ar\/prensa\/wp-json\/wp\/v2\/categories?post=83552"},{"taxonomy":"post_tag","embeddable":true,"href":"https:\/\/www.mendoza.gov.ar\/prensa\/wp-json\/wp\/v2\/tags?post=83552"}],"curies":[{"name":"wp","href":"https:\/\/api.w.org\/{rel}","templated":true}]}}