{"id":83578,"date":"2017-03-16T08:56:35","date_gmt":"2017-03-16T11:56:35","guid":{"rendered":"http:\/\/prensa.mendoza.gov.ar\/?p=83578"},"modified":"2017-03-16T08:56:35","modified_gmt":"2017-03-16T11:56:35","slug":"se-reforzara-el-sistema-de-recarga-de-abonos-en-la-terminal","status":"publish","type":"post","link":"https:\/\/www.mendoza.gov.ar\/prensa\/se-reforzara-el-sistema-de-recarga-de-abonos-en-la-terminal\/","title":{"rendered":"Se reforzar\u00e1 el sistema de recarga de abonos en la Terminal"},"content":{"rendered":"<!DOCTYPE html PUBLIC \"-\/\/W3C\/\/DTD HTML 4.0 Transitional\/\/EN\" \"http:\/\/www.w3.org\/TR\/REC-html40\/loose.dtd\">\n<html><body><p>La Direcci&oacute;n de Transporte lleg&oacute; a un acuerdo con la empresa que presta el servicio de carga de la tarjeta Red Bus, Atos it Solutions, que permitir&aacute; agilizar la atenci&oacute;n en la venta y recarga de abonos que se realiza en la Terminal de &Oacute;mnibus de Mendoza.<\/p>\n<p>Con el comienzo del ciclo lectivo, la atenci&oacute;n en el lugar se ha visto colapsada ante la gran concurrencia de docentes, estudiantes y usuarios en general. Por ello, se decidi&oacute; que a partir de ma&ntilde;ana y hasta el 30 de abril, se extender&aacute; el horario de atenci&oacute;n de las cabinas ubicadas en el ala oeste del predio, de 8 a 17, de lunes a viernes.<\/p>\n<p>Adem&aacute;s, se implementar&aacute; el servicio m&oacute;vil de Red Bus todos los jueves y viernes tambi&eacute;n hasta el 30 del mes pr&oacute;ximo, de 8 a 17. El colectivo estar&aacute; ubicado en la playa de estacionamiento que da a la Costanera.<\/p>\n<p>Los s&aacute;bados las cabinas atienden de 9 a 13.<\/p>\n<\/body><\/html>\n","protected":false},"excerpt":{"rendered":"Se extender\u00e1 una hora m\u00e1s la atenci\u00f3n de las cabinas ubicadas en el ala Oeste. Hasta el 30 de abril, los usuarios podr\u00e1n acercarse de 8 a 17. Adem\u00e1s, todos los jueves y viernes hasta esa fecha estar\u00e1 disponible el servicio m\u00f3vil de Red Bus.","protected":false},"author":2,"featured_media":83579,"comment_status":"open","ping_status":"open","sticky":false,"template":"","format":"standard","meta":[],"categories":[34],"tags":[],"_links":{"self":[{"href":"https:\/\/www.mendoza.gov.ar\/prensa\/wp-json\/wp\/v2\/posts\/83578"}],"collection":[{"href":"https:\/\/www.mendoza.gov.ar\/prensa\/wp-json\/wp\/v2\/posts"}],"about":[{"href":"https:\/\/www.mendoza.gov.ar\/prensa\/wp-json\/wp\/v2\/types\/post"}],"author":[{"embeddable":true,"href":"https:\/\/www.mendoza.gov.ar\/prensa\/wp-json\/wp\/v2\/users\/2"}],"replies":[{"embeddable":true,"href":"https:\/\/www.mendoza.gov.ar\/prensa\/wp-json\/wp\/v2\/comments?post=83578"}],"version-history":[{"count":0,"href":"https:\/\/www.mendoza.gov.ar\/prensa\/wp-json\/wp\/v2\/posts\/83578\/revisions"}],"wp:featuredmedia":[{"embeddable":true,"href":"https:\/\/www.mendoza.gov.ar\/prensa\/wp-json\/wp\/v2\/media\/83579"}],"wp:attachment":[{"href":"https:\/\/www.mendoza.gov.ar\/prensa\/wp-json\/wp\/v2\/media?parent=83578"}],"wp:term":[{"taxonomy":"category","embeddable":true,"href":"https:\/\/www.mendoza.gov.ar\/prensa\/wp-json\/wp\/v2\/categories?post=83578"},{"taxonomy":"post_tag","embeddable":true,"href":"https:\/\/www.mendoza.gov.ar\/prensa\/wp-json\/wp\/v2\/tags?post=83578"}],"curies":[{"name":"wp","href":"https:\/\/api.w.org\/{rel}","templated":true}]}}