{"id":83694,"date":"2017-03-16T18:59:46","date_gmt":"2017-03-16T21:59:46","guid":{"rendered":"http:\/\/prensa.mendoza.gov.ar\/?p=83694"},"modified":"2017-03-16T18:59:46","modified_gmt":"2017-03-16T21:59:46","slug":"comienza-un-taller-de-orientacion-vocacional-en-osep","status":"publish","type":"post","link":"https:\/\/www.mendoza.gov.ar\/prensa\/comienza-un-taller-de-orientacion-vocacional-en-osep\/","title":{"rendered":"Comienza un taller de orientaci\u00f3n vocacional en OSEP"},"content":{"rendered":"<!DOCTYPE html PUBLIC \"-\/\/W3C\/\/DTD HTML 4.0 Transitional\/\/EN\" \"http:\/\/www.w3.org\/TR\/REC-html40\/loose.dtd\">\n<html><body><p>La elecci&oacute;n de la futura profesi&oacute;n u ocupaci&oacute;n est&aacute; cargada de un sinf&iacute;n de ansiedades y temores. Para los j&oacute;venes, representa la primera decisi&oacute;n personal de la que deben hacerse responsables tanto de lo positivo como de lo negativo que puede derivar de ella.<\/p>\n<p>La familia tambi&eacute;n se ve involucrada en esta carga de ansiedad. Muchos padres depositan en las elecciones de sus hijos sus propias expectativas no alcanzadas, proyectando en los j&oacute;venes el deseo de ver realizados sus propios sue&ntilde;os, muchas veces truncados.<\/p>\n<p>Este conjunto de sentimientos, expectativas, sue&ntilde;os y miedos teje una compleja red que no es posible desenmara&ntilde;ar con un &uacute;nico test vocacional. Debe ser trabajada a partir de un proceso donde los adolescentes reciban herramientas que tengan que ver con una metodolog&iacute;a de elecci&oacute;n que pueda ser usada tambi&eacute;n para las decisiones que la vida adulta les tiene preparadas.<\/p>\n<p>El encargado de este taller es el licenciado Pablo Mazzitelli, psicopedagogo del equipo de Adolescencia de la Obra Social de Empleados P&uacute;blicos (OSEP). A trav&eacute;s de un esquema muy explicativo, muestra&nbsp;el aporte que ofrece la obra social al proceso orientaci&oacute;n en una etapa tan significativa para los chicos.<\/p>\n<p>Informes e inscripciones, al tel&eacute;fono 4419288, de lunes a viernes de 8 a 20.<\/p>\n<\/body><\/html>\n","protected":false},"excerpt":{"rendered":"El programa Adolescencia inicia un ciclo de charlas dirigidas a j\u00f3venes que cursan los \u00faltimos a\u00f1os de la secundaria. Ser\u00e1 a partir del pr\u00f3ximo mi\u00e9rcoles, de 18 a 20, en el segundo piso del edificio Xeltahuina, Salta 877 de Ciudad.","protected":false},"author":2,"featured_media":0,"comment_status":"open","ping_status":"open","sticky":false,"template":"","format":"standard","meta":[],"categories":[30],"tags":[],"_links":{"self":[{"href":"https:\/\/www.mendoza.gov.ar\/prensa\/wp-json\/wp\/v2\/posts\/83694"}],"collection":[{"href":"https:\/\/www.mendoza.gov.ar\/prensa\/wp-json\/wp\/v2\/posts"}],"about":[{"href":"https:\/\/www.mendoza.gov.ar\/prensa\/wp-json\/wp\/v2\/types\/post"}],"author":[{"embeddable":true,"href":"https:\/\/www.mendoza.gov.ar\/prensa\/wp-json\/wp\/v2\/users\/2"}],"replies":[{"embeddable":true,"href":"https:\/\/www.mendoza.gov.ar\/prensa\/wp-json\/wp\/v2\/comments?post=83694"}],"version-history":[{"count":0,"href":"https:\/\/www.mendoza.gov.ar\/prensa\/wp-json\/wp\/v2\/posts\/83694\/revisions"}],"wp:attachment":[{"href":"https:\/\/www.mendoza.gov.ar\/prensa\/wp-json\/wp\/v2\/media?parent=83694"}],"wp:term":[{"taxonomy":"category","embeddable":true,"href":"https:\/\/www.mendoza.gov.ar\/prensa\/wp-json\/wp\/v2\/categories?post=83694"},{"taxonomy":"post_tag","embeddable":true,"href":"https:\/\/www.mendoza.gov.ar\/prensa\/wp-json\/wp\/v2\/tags?post=83694"}],"curies":[{"name":"wp","href":"https:\/\/api.w.org\/{rel}","templated":true}]}}