{"id":83781,"date":"2017-03-17T13:18:11","date_gmt":"2017-03-17T16:18:11","guid":{"rendered":"http:\/\/prensa.mendoza.gov.ar\/?p=83781"},"modified":"2017-03-17T13:18:11","modified_gmt":"2017-03-17T16:18:11","slug":"la-stm-reforzo-con-22-unidades-el-recorrido-de-transporte-que-une-pedro-molina-con-el-barrio-unimev-en-guaymallen","status":"publish","type":"post","link":"https:\/\/www.mendoza.gov.ar\/prensa\/la-stm-reforzo-con-22-unidades-el-recorrido-de-transporte-que-une-pedro-molina-con-el-barrio-unimev-en-guaymallen\/","title":{"rendered":"Refuerzan con 22 unidades el recorrido Pedro Molina-Unimev en Guaymall\u00e9n"},"content":{"rendered":"<!DOCTYPE html PUBLIC \"-\/\/W3C\/\/DTD HTML 4.0 Transitional\/\/EN\" \"http:\/\/www.w3.org\/TR\/REC-html40\/loose.dtd\">\n<html><body><p>La Sociedad de Transporte Mendoza present&oacute; 22 unidades que se incorporan al Grupo 11 de transporte p&uacute;blico, que cumple el recorrido Pedro Molina-Unimev, en el departamento Guaymall&eacute;n.<\/p>\n<p><a href=\"https:\/\/www.mendoza.gov.ar\/prensa\/wp-content\/uploads\/sites\/23\/dentro14.jpg\"><img loading=\"lazy\" class=\"alignnone wp-image-83783 img-responsive center-block\" src=\"https:\/\/www.mendoza.gov.ar\/prensa\/wp-content\/uploads\/sites\/23\/dentro14.jpg\" alt=\"\" width=\"650\" height=\"434\"><\/a><\/p>\n<p>Se contrataron por licitaci&oacute;n unidades modelos 2014 en adelante. Las empresas Maip&uacute; SRL y El Cacique SA reunieron las condiciones. El per&iacute;odo de contrataci&oacute;n es del 16 de marzo al 16 de setiembre de este a&ntilde;o, renovables por per&iacute;odos de un mes. Los colectivos son marca Mercedes- Benz, con 25 asientos&nbsp;y VW con 28 asientos y las caracter&iacute;sticas t&eacute;cnicas incluyen caja autom&aacute;tica, motor atr&aacute;s, piso bajo, aire acondicionado, rampas para discapacitados y tres puertas.<\/p>\n<p><a href=\"https:\/\/www.mendoza.gov.ar\/prensa\/wp-content\/uploads\/sites\/23\/otra2.jpg\"><img loading=\"lazy\" class=\"alignnone wp-image-83784 img-responsive center-block\" src=\"https:\/\/www.mendoza.gov.ar\/prensa\/wp-content\/uploads\/sites\/23\/otra2.jpg\" alt=\"\" width=\"650\" height=\"433\"><\/a><\/p>\n<p>Adem&aacute;s de reforzar el servicio, esto permitir&aacute; responder directamente sobre las modificaciones que puedan surgir en los recorridos del transporte p&uacute;blico, consecuencia de obras en calles de toda el &Aacute;rea Metropolitana.<\/p>\n<\/body><\/html>\n","protected":false},"excerpt":{"rendered":"La Sociedad de Transporte Mendoza incorpor\u00f3 colectivos para el Grupo 11. Los coches tambi\u00e9n permitir\u00e1n dar respuesta a los cambios de recorridos en el transporte urbano que se generar\u00e1n por obras de mejoras en calles del Gran Mendoza.","protected":false},"author":2,"featured_media":83782,"comment_status":"open","ping_status":"open","sticky":false,"template":"","format":"standard","meta":[],"categories":[34],"tags":[],"_links":{"self":[{"href":"https:\/\/www.mendoza.gov.ar\/prensa\/wp-json\/wp\/v2\/posts\/83781"}],"collection":[{"href":"https:\/\/www.mendoza.gov.ar\/prensa\/wp-json\/wp\/v2\/posts"}],"about":[{"href":"https:\/\/www.mendoza.gov.ar\/prensa\/wp-json\/wp\/v2\/types\/post"}],"author":[{"embeddable":true,"href":"https:\/\/www.mendoza.gov.ar\/prensa\/wp-json\/wp\/v2\/users\/2"}],"replies":[{"embeddable":true,"href":"https:\/\/www.mendoza.gov.ar\/prensa\/wp-json\/wp\/v2\/comments?post=83781"}],"version-history":[{"count":0,"href":"https:\/\/www.mendoza.gov.ar\/prensa\/wp-json\/wp\/v2\/posts\/83781\/revisions"}],"wp:featuredmedia":[{"embeddable":true,"href":"https:\/\/www.mendoza.gov.ar\/prensa\/wp-json\/wp\/v2\/media\/83782"}],"wp:attachment":[{"href":"https:\/\/www.mendoza.gov.ar\/prensa\/wp-json\/wp\/v2\/media?parent=83781"}],"wp:term":[{"taxonomy":"category","embeddable":true,"href":"https:\/\/www.mendoza.gov.ar\/prensa\/wp-json\/wp\/v2\/categories?post=83781"},{"taxonomy":"post_tag","embeddable":true,"href":"https:\/\/www.mendoza.gov.ar\/prensa\/wp-json\/wp\/v2\/tags?post=83781"}],"curies":[{"name":"wp","href":"https:\/\/api.w.org\/{rel}","templated":true}]}}