{"id":83786,"date":"2017-03-17T13:24:00","date_gmt":"2017-03-17T16:24:00","guid":{"rendered":"http:\/\/prensa.mendoza.gov.ar\/?p=83786"},"modified":"2017-03-17T13:24:00","modified_gmt":"2017-03-17T16:24:00","slug":"se-reforzo-el-servicio-de-recarga-de-abonos-en-la-terminal","status":"publish","type":"post","link":"https:\/\/www.mendoza.gov.ar\/prensa\/se-reforzo-el-servicio-de-recarga-de-abonos-en-la-terminal\/","title":{"rendered":"Se reforz\u00f3 el servicio de recarga de abonos en la Terminal"},"content":{"rendered":"<!DOCTYPE html PUBLIC \"-\/\/W3C\/\/DTD HTML 4.0 Transitional\/\/EN\" \"http:\/\/www.w3.org\/TR\/REC-html40\/loose.dtd\">\n<html><body><p>La Direcci&oacute;n de Transporte puso en marcha esta semana un refuerzo en el sistema de recarga de abonos en la Terminal de &Oacute;mnibus. Las cabinas comenzaron a atender al p&uacute;blico con horario extendido de 8 a&nbsp;17 de lunes a viernes, en tanto los s&aacute;bados contin&uacute;an de 9 a 13.<\/p>\n<p>A esta medida se le sum&oacute; complementariamente el servicio m&oacute;vil de Red Bus, en la playa de estacionamiento del ala Oeste del predio.<\/p>\n<p>Durante todo el jueves se realizaron 1.730 transacciones, 927 se gestionaron en las cabinas y 803 en el colectivo.<\/p>\n<p>Luego de constatar la aceptaci&oacute;n de los usuarios y de verificar que el tiempo de espera disminuy&oacute; notablemente, se decidi&oacute; ampliar el funcionamiento del servicio m&oacute;vil de Red Bus de la siguiente manera:<\/p>\n<ul>\n<li>Lunes, martes y mi&eacute;rcoles: 8&nbsp;a 12.30.<\/li>\n<li>Jueves y viernes: de 8 a 16.<\/li>\n<\/ul>\n<p>Hay que recordar que los abonos pueden gestionarse tambi&eacute;n en los controles de l&iacute;nea, para lo que la firma Atos it Solutions ofreci&oacute; a las empresas de transporte del Gran Mendoza la incorporaci&oacute;n de m&aacute;s <em>posnets<\/em>, en caso de ser necesario.<\/p>\n<p>De esta manera, hasta el 30 de abril continuar&aacute;n estas mejoras y luego Transporte efectuar&aacute; el debido an&aacute;lisis de la situaci&oacute;n que decidir&aacute; si se continuar&aacute; con la medida o bien se retomar&aacute;n los horarios tradicionales de atenci&oacute;n.<\/p>\n<p><strong>M&aacute;s puntos de carga<\/strong><\/p>\n<p>Esta semana, el servicio m&oacute;vil de Red Bus retom&oacute; la actividad en el Comedor Universitario de la UNCuyo, al que concurren docentes, personal de la casa de estudios y estudiantes. Ya para la siguiente semana el beneficio continuar&aacute;, pero en un horario diferente al que ven&iacute;a realizando, ser&aacute; de lunes a mi&eacute;rcoles de 13 a 16.<\/p>\n<p>Adem&aacute;s, est&aacute;n de estreno las terminales de autocarga que se colocaron en los ingresos de&nbsp;los&nbsp;hospitales Notti y Lagomaggiore. Si bien las m&aacute;quinas no recargan abonos, son una soluci&oacute;n para las personas que transitan a diarios las instalaciones, ya que funcionan las 24 horas.<\/p>\n<\/body><\/html>\n","protected":false},"excerpt":{"rendered":"Tras la buena aceptaci\u00f3n de la medida adoptada por la Direcci\u00f3n de Transporte para acelerar la gesti\u00f3n del tr\u00e1mite, desde el pr\u00f3ximo lunes el colectivo de carga m\u00f3vil de Red Bus funcionar\u00e1 todos los d\u00edas de la semana.","protected":false},"author":2,"featured_media":83790,"comment_status":"open","ping_status":"open","sticky":false,"template":"","format":"standard","meta":[],"categories":[34],"tags":[],"_links":{"self":[{"href":"https:\/\/www.mendoza.gov.ar\/prensa\/wp-json\/wp\/v2\/posts\/83786"}],"collection":[{"href":"https:\/\/www.mendoza.gov.ar\/prensa\/wp-json\/wp\/v2\/posts"}],"about":[{"href":"https:\/\/www.mendoza.gov.ar\/prensa\/wp-json\/wp\/v2\/types\/post"}],"author":[{"embeddable":true,"href":"https:\/\/www.mendoza.gov.ar\/prensa\/wp-json\/wp\/v2\/users\/2"}],"replies":[{"embeddable":true,"href":"https:\/\/www.mendoza.gov.ar\/prensa\/wp-json\/wp\/v2\/comments?post=83786"}],"version-history":[{"count":0,"href":"https:\/\/www.mendoza.gov.ar\/prensa\/wp-json\/wp\/v2\/posts\/83786\/revisions"}],"wp:featuredmedia":[{"embeddable":true,"href":"https:\/\/www.mendoza.gov.ar\/prensa\/wp-json\/wp\/v2\/media\/83790"}],"wp:attachment":[{"href":"https:\/\/www.mendoza.gov.ar\/prensa\/wp-json\/wp\/v2\/media?parent=83786"}],"wp:term":[{"taxonomy":"category","embeddable":true,"href":"https:\/\/www.mendoza.gov.ar\/prensa\/wp-json\/wp\/v2\/categories?post=83786"},{"taxonomy":"post_tag","embeddable":true,"href":"https:\/\/www.mendoza.gov.ar\/prensa\/wp-json\/wp\/v2\/tags?post=83786"}],"curies":[{"name":"wp","href":"https:\/\/api.w.org\/{rel}","templated":true}]}}