{"id":84001,"date":"2017-03-20T14:52:34","date_gmt":"2017-03-20T17:52:34","guid":{"rendered":"http:\/\/prensa.mendoza.gov.ar\/?p=84001"},"modified":"2017-03-20T14:52:34","modified_gmt":"2017-03-20T17:52:34","slug":"presentaron-avances-del-cluster-de-frutos-secos","status":"publish","type":"post","link":"https:\/\/www.mendoza.gov.ar\/prensa\/presentaron-avances-del-cluster-de-frutos-secos\/","title":{"rendered":"Presentaron avances del cl\u00faster de frutos secos"},"content":{"rendered":"<!DOCTYPE html PUBLIC \"-\/\/W3C\/\/DTD HTML 4.0 Transitional\/\/EN\" \"http:\/\/www.w3.org\/TR\/REC-html40\/loose.dtd\">\n<html><body><p>Con la presencia del rector de la Universidad Nacional de Cuyo, Daniel Pizzi, una funcionaria de la Unidad para el Cambio Rural, Soledad Ferrari, y Federico Mor&aacute;bito, coordinador del cl&uacute;ster de frutos secos de Mendoza, se presentaron los logros en cada uno de los proyectos desarrollados por el ente p&uacute;blico-privado. El encuentro fue en el Centro de Informaci&oacute;n y Comunicaci&oacute;n de la Universidad Nacional de Cuyo (CICUNC).<\/p>\n<p>Los funcionarios comentaron el dise&ntilde;o e implementaci&oacute;n del &ldquo;cuaderno de campo de almendro y nogal&rdquo;, tarea que llev&oacute; a cabo la Fundaci&oacute;n Instituto Desarrollo Rural (IDR) junto con el &ldquo;censo de propiedades productoras de frutos secos y establecimientos poscosecha&rdquo;.<\/p>\n<p>Posteriormente, representantes del Instituto de Sanidad y Calidad Agropecuaria Mendoza (Iscamen) explicaron c&oacute;mo funciona el sistema de control de plagas para cultivos de frutos secos, sus innovaciones y resultados obtenidos.<\/p>\n<p>Expositores del Instituto Nacional de Tecnolog&iacute;a Agropecuaria (INTA) describieron las l&iacute;neas de investigaci&oacute;n y desarrollo tecnol&oacute;gico llevadas a cabo.<\/p>\n<p>Otro tema que se desarroll&oacute; fue &ldquo;la incorporaci&oacute;n de tecnolog&iacute;as poscosecha que mejoren la competitividad de la cadena, como por ejemplo hornos de secados de nueces a baja escala&rdquo;, exposici&oacute;n a cargo de gente del INTI (Instituto Nacional de Tecnolog&iacute;a Industrial).<\/p>\n<p>Desde la Universidad Nacional de Cuyo se inform&oacute; sobre las investigaciones realizadas acerca de &ldquo;estandarizaci&oacute;n de calidad&rdquo; y adem&aacute;s se present&oacute; el plan de negocios &ldquo;Canales de comercializaci&oacute;n de la nuez&rdquo;.<\/p>\n<p>Otro de los &iacute;tems importantes a los que se hizo referencia durante la jornada fue el Observatorio de Frutos Secos, a cargo del cl&uacute;ster. El objetivo principal es la captaci&oacute;n, registro, elaboraci&oacute;n, sistematizaci&oacute;n y difusi&oacute;n de la informaci&oacute;n de inter&eacute;s para todos los actores de la cadena de frutos secos de Mendoza, para comprender el funcionamiento del mercado y poder tomar las mejores decisiones.<\/p>\n<p>Andr&eacute;s Rodr&iacute;guez, director ejecutivo de ChileanWalnut Commision y Chile Prunes, particip&oacute; como expositor invitado en la jornada. El titular del organismo que re&uacute;ne a asociaciones gremiales de las industrias de nueces y de ciruelas deshidratadas afirm&oacute;: &ldquo;Fue fundamental para el crecimiento del sector de frutos secos &ndash;specialmente nuez&ndash; en Chile el importante impulso del gobierno junto con la asociaci&oacute;n de productores de frutos secos, quienes vieron en la posibilidad de exportar un camino interesante para recorrer que en la actualidad ha llevado a Chile a ser el segundo exportador mundial de nuez, despu&eacute;s de Estados Unidos&rdquo;.<\/p>\n<p>Por su parte, el m&eacute;dico especialista R&aacute;ul Pastor hizo referencia a la presencia de polifenoles y &aacute;cido grasos omega 3 en los frutos secos y en su papel fundamental para prevenir enfermedades y contrarrestar los efectos negativos del envejecimiento celular. Asimismo, mencion&oacute; que los estudios realizados han detectado que las propiedades de los frutos secos favorecen adem&aacute;s en el funcionamiento del hipot&aacute;lamo, &ldquo;que regula el aprendizaje, la memoria, los estados de &aacute;nimo y las emociones&rdquo;.<\/p>\n<p>A la jornada asistieron m&aacute;s&nbsp;de 60 personas, entre productores de frutos secos de Mendoza, miembros del Consejo Federal de Frutos Secos (cl&uacute;sters de todo el pa&iacute;s), estudiantes universitarios y de posgrado y medios de comunicaci&oacute;n.<\/p>\n<p><strong>&nbsp;<\/strong><\/p>\n<\/body><\/html>\n","protected":false},"excerpt":{"rendered":"Con especialistas y productores, la jornada se desarroll\u00f3 en el Centro de Informaci\u00f3n y Comunicaci\u00f3n de la Universidad Nacional de Cuyo (CICUNC).","protected":false},"author":2,"featured_media":84004,"comment_status":"open","ping_status":"open","sticky":false,"template":"","format":"standard","meta":[],"categories":[1],"tags":[],"_links":{"self":[{"href":"https:\/\/www.mendoza.gov.ar\/prensa\/wp-json\/wp\/v2\/posts\/84001"}],"collection":[{"href":"https:\/\/www.mendoza.gov.ar\/prensa\/wp-json\/wp\/v2\/posts"}],"about":[{"href":"https:\/\/www.mendoza.gov.ar\/prensa\/wp-json\/wp\/v2\/types\/post"}],"author":[{"embeddable":true,"href":"https:\/\/www.mendoza.gov.ar\/prensa\/wp-json\/wp\/v2\/users\/2"}],"replies":[{"embeddable":true,"href":"https:\/\/www.mendoza.gov.ar\/prensa\/wp-json\/wp\/v2\/comments?post=84001"}],"version-history":[{"count":0,"href":"https:\/\/www.mendoza.gov.ar\/prensa\/wp-json\/wp\/v2\/posts\/84001\/revisions"}],"wp:featuredmedia":[{"embeddable":true,"href":"https:\/\/www.mendoza.gov.ar\/prensa\/wp-json\/wp\/v2\/media\/84004"}],"wp:attachment":[{"href":"https:\/\/www.mendoza.gov.ar\/prensa\/wp-json\/wp\/v2\/media?parent=84001"}],"wp:term":[{"taxonomy":"category","embeddable":true,"href":"https:\/\/www.mendoza.gov.ar\/prensa\/wp-json\/wp\/v2\/categories?post=84001"},{"taxonomy":"post_tag","embeddable":true,"href":"https:\/\/www.mendoza.gov.ar\/prensa\/wp-json\/wp\/v2\/tags?post=84001"}],"curies":[{"name":"wp","href":"https:\/\/api.w.org\/{rel}","templated":true}]}}