{"id":84025,"date":"2017-03-20T18:05:02","date_gmt":"2017-03-20T21:05:02","guid":{"rendered":"http:\/\/prensa.mendoza.gov.ar\/?p=84025"},"modified":"2017-03-20T18:05:02","modified_gmt":"2017-03-20T21:05:02","slug":"se-inauguro-un-nuevo-semaforo-en-junin","status":"publish","type":"post","link":"https:\/\/www.mendoza.gov.ar\/prensa\/se-inauguro-un-nuevo-semaforo-en-junin\/","title":{"rendered":"Se inaugur\u00f3 un nuevo sem\u00e1foro en\u00a0Jun\u00edn"},"content":{"rendered":"<!DOCTYPE html PUBLIC \"-\/\/W3C\/\/DTD HTML 4.0 Transitional\/\/EN\" \"http:\/\/www.w3.org\/TR\/REC-html40\/loose.dtd\">\n<html><body><p>El director de Transporte, Carlos Matilla, y el intendente de Jun&iacute;n, Mario Abed, pusieron en funcionamiento este mediod&iacute;a el tan esperado sem&aacute;foro en Carril Centro y Santos Lugares, de Ingeniero Giagnoni.<\/p>\n<p>El nuevo sem&aacute;foro forma parte de la obra de instalaci&oacute;n de 10 equipos que el Gobierno est&aacute; llevando a cabo para los departamentos de Guaymall&eacute;n, Tupungato, Capital y San Rafael por un monto de $3 millones. El objetivo es brindar una m&aacute;s seguridad vial en las siguientes intersecciones:<\/p>\n<ul>\n<li>Carril Centro y Santos Lugares.<\/li>\n<li>Av. Espa&ntilde;a y Virgen del Carmen de Cuyo.<\/li>\n<li>Lavalle y Pedro Molina.<\/li>\n<li>Col&oacute;n y Pedro Molina.<\/li>\n<li>Dorrego y Lamadrd.<\/li>\n<li>Gottardin y Liniers.<\/li>\n<li>Av. Sarmiento y Sobremonte.<\/li>\n<li>Dean Funes y Los Sauces.<\/li>\n<li>Curie y Libertad.<\/li>\n<li>Av. Zapata y Tirasso.<\/li>\n<\/ul>\n<p><a href=\"https:\/\/www.mendoza.gov.ar\/prensa\/wp-content\/uploads\/sites\/23\/20170320_122010.jpg\"><img loading=\"lazy\" class=\"alignnone wp-image-84028 img-responsive center-block\" src=\"https:\/\/www.mendoza.gov.ar\/prensa\/wp-content\/uploads\/sites\/23\/20170320_122010.jpg\" alt=\"\" width=\"650\" height=\"366\"><\/a><\/p>\n<p>&ldquo;Hoy vemos la realidad de tener un sem&aacute;foro en una esquina muy conflictiva del departamento, algo que los vecinos nos reclamaban, y pudimos concretarlo gracias a la gesti&oacute;n de Transporte&rdquo;, se&ntilde;al&oacute; Mario Abed.<\/p>\n<p>Matilla celebr&oacute; que &ldquo;lleg&oacute; el d&iacute;a tan esperado por los vecinos de la zona. Es un pedido que data de 20 a&ntilde;os y una esquina en la que ha habido numerosos accidentes&rdquo;.<\/p>\n<p>La colocaci&oacute;n de los sem&aacute;foros se decidi&oacute; en funci&oacute;n de un estudio de los movimientos vehiculares, que incluyen un importante flujo tanto del servicio de transporte como de carga pesada.<\/p>\n<p>Contar&aacute;n con tecnolog&iacute;a LED, controladores de tr&aacute;nsito vehicular de tipo electr&oacute;nico con GPS, se&ntilde;alizaci&oacute;n din&aacute;mica en cuerpos peatonales con indicaci&oacute;n de tiempo para cruce.<\/p>\n<\/body><\/html>\n","protected":false},"excerpt":{"rendered":"Est\u00e1 en la esquina de Carril Centro y Santos Lugares, un pedido de larga data por parte de los vecinos que viven en la zona, ya que es una intersecci\u00f3n muy peligrosa. Forma parte de la obra de instalaci\u00f3n de 10 sem\u00e1foros para toda la provincia, por un monto de $3 millones.","protected":false},"author":2,"featured_media":84027,"comment_status":"open","ping_status":"open","sticky":false,"template":"","format":"standard","meta":[],"categories":[34],"tags":[],"_links":{"self":[{"href":"https:\/\/www.mendoza.gov.ar\/prensa\/wp-json\/wp\/v2\/posts\/84025"}],"collection":[{"href":"https:\/\/www.mendoza.gov.ar\/prensa\/wp-json\/wp\/v2\/posts"}],"about":[{"href":"https:\/\/www.mendoza.gov.ar\/prensa\/wp-json\/wp\/v2\/types\/post"}],"author":[{"embeddable":true,"href":"https:\/\/www.mendoza.gov.ar\/prensa\/wp-json\/wp\/v2\/users\/2"}],"replies":[{"embeddable":true,"href":"https:\/\/www.mendoza.gov.ar\/prensa\/wp-json\/wp\/v2\/comments?post=84025"}],"version-history":[{"count":0,"href":"https:\/\/www.mendoza.gov.ar\/prensa\/wp-json\/wp\/v2\/posts\/84025\/revisions"}],"wp:featuredmedia":[{"embeddable":true,"href":"https:\/\/www.mendoza.gov.ar\/prensa\/wp-json\/wp\/v2\/media\/84027"}],"wp:attachment":[{"href":"https:\/\/www.mendoza.gov.ar\/prensa\/wp-json\/wp\/v2\/media?parent=84025"}],"wp:term":[{"taxonomy":"category","embeddable":true,"href":"https:\/\/www.mendoza.gov.ar\/prensa\/wp-json\/wp\/v2\/categories?post=84025"},{"taxonomy":"post_tag","embeddable":true,"href":"https:\/\/www.mendoza.gov.ar\/prensa\/wp-json\/wp\/v2\/tags?post=84025"}],"curies":[{"name":"wp","href":"https:\/\/api.w.org\/{rel}","templated":true}]}}