{"id":84123,"date":"2017-03-21T12:42:58","date_gmt":"2017-03-21T15:42:58","guid":{"rendered":"http:\/\/prensa.mendoza.gov.ar\/?p=84123"},"modified":"2017-03-21T12:42:58","modified_gmt":"2017-03-21T15:42:58","slug":"el-iscamen-renovo-su-consejo-asesor-hasta-2019","status":"publish","type":"post","link":"https:\/\/www.mendoza.gov.ar\/prensa\/el-iscamen-renovo-su-consejo-asesor-hasta-2019\/","title":{"rendered":"El Iscamen renov\u00f3 su Consejo Asesor hasta 2019"},"content":{"rendered":"<!DOCTYPE html PUBLIC \"-\/\/W3C\/\/DTD HTML 4.0 Transitional\/\/EN\" \"http:\/\/www.w3.org\/TR\/REC-html40\/loose.dtd\">\n<html><body><div id=\"m_4488012301629929295yui_3_16_0_ym19_1_1490108931018_5338\">Seg&uacute;n lo establecido por la Ley 6333\/95 y su Decreto reglamentario 1.508\/96, se completa la estructura org&aacute;nica y funcional del Instituto de Sanidad y Calidad Agroalimentaria de Mendoza (Iscamen). El organismo tiene&nbsp;un Consejo Asesor representante de la actividad privada, constituido por cinco miembros titulares y cinco suplentes de cada oasis productivo de la provincia, as&iacute; como el sector transporte.<\/div>\n<div id=\"m_4488012301629929295yui_3_16_0_ym19_1_1490108931018_5345\"><\/div>\n<div id=\"m_4488012301629929295yui_3_16_0_ym19_1_1490108931018_5347\">El Consejo Asesor se renueva cada dos a&ntilde;os y cumple funciones ad honorem, reuni&eacute;ndose una vez por mes o a convocatoria del presidente de Iscamen.<\/div>\n<div id=\"m_4488012301629929295yui_3_16_0_ym19_1_1490108931018_5348\"><\/div>\n<div id=\"m_4488012301629929295yui_3_16_0_ym19_1_1490108931018_5350\">Las personas que forman parte del Consejo Representante de la Actividad Privada en Iscamen pertenecen a organizaciones representativas del sector productivo, con personer&iacute;a jur&iacute;dica y debidamente autorizadas para funcionar.<\/div>\n<div id=\"m_4488012301629929295yui_3_16_0_ym19_1_1490108931018_5351\"><\/div>\n<div id=\"m_4488012301629929295yui_3_16_0_ym19_1_1490108931018_5353\">Entre los temas de injerencia del Consejo Asesor se destacan los de emitir dictamen previo no vinculante sobre el proyecto de presupuesto y el plan anual de actividades, contrataciones, declaraci&oacute;n de estado de emergencia fitozoosanitaria y determinaci&oacute;n anual del valor de los aranceles por servicios y controles que se prestan.<\/div>\n<div id=\"m_4488012301629929295yui_3_16_0_ym19_1_1490108931018_5354\"><\/div>\n<div id=\"m_4488012301629929295yui_3_16_0_ym19_1_1490108931018_5356\">Para el Per&iacute;odo 2017\/2019, los representantes del sector privado ante Iscamen son:<\/div>\n<div id=\"m_4488012301629929295yui_3_16_0_ym19_1_1490108931018_5357\"><\/div>\n<div id=\"m_4488012301629929295yui_3_16_0_ym19_1_1490108931018_5357\">Oasis Norte:<\/div>\n<div id=\"m_4488012301629929295yui_3_16_0_ym19_1_1490108931018_5358\">Titular: Ra&uacute;l Auani por ASPEFF.<\/div>\n<div id=\"m_4488012301629929295yui_3_16_0_ym19_1_1490108931018_5359\">Suplente: Laura Alturria por Bodegas de Argentina.<\/div>\n<div id=\"m_4488012301629929295yui_3_16_0_ym19_1_1490108931018_5360\"><\/div>\n<div id=\"m_4488012301629929295yui_3_16_0_ym19_1_1490108931018_5360\">Oasis Este:<\/div>\n<div id=\"m_4488012301629929295yui_3_16_0_ym19_1_1490108931018_5361\">Titular: Gustavo Gonz&aacute;lez, por la C&aacute;mara de Comercio del Nuevo, Jun&iacute;n.<\/div>\n<div id=\"m_4488012301629929295yui_3_16_0_ym19_1_1490108931018_5362\">Suplente: Mirtha Reyes, por la C&aacute;mara Agropecuaria, Industrial y Comercial de Santa Rosa.<\/div>\n<div id=\"m_4488012301629929295yui_3_16_0_ym19_1_1490108931018_5363\"><\/div>\n<div id=\"m_4488012301629929295yui_3_16_0_ym19_1_1490108931018_5363\">Oasis Centro:<\/div>\n<div id=\"m_4488012301629929295yui_3_16_0_ym19_1_1490108931018_5364\">Titular: Vicente Oscar Gar&oacute;foli, por la Asociaci&oacute;n Civil para el Desarrollo Vitivin&iacute;cola del Valle de Uco<\/div>\n<div id=\"m_4488012301629929295yui_3_16_0_ym19_1_1490108931018_5365\"><\/div>\n<div id=\"m_4488012301629929295yui_3_16_0_ym19_1_1490108931018_5365\">Oasis Sur:<\/div>\n<div id=\"m_4488012301629929295yui_3_16_0_ym19_1_1490108931018_5366\">Titular: Arnaldo Bujald&oacute;n, por Fideicomiso de Productores de Semilla de papa de Malarg&uuml;e<\/div>\n<div id=\"m_4488012301629929295yui_3_16_0_ym19_1_1490108931018_5367\"><\/div>\n<div id=\"m_4488012301629929295yui_3_16_0_ym19_1_1490108931018_5367\">Sector Transporte:<\/div>\n<div id=\"m_4488012301629929295yui_3_16_0_ym19_1_1490108931018_5368\">Titular: Eduardo Yaya, por Aprocam.<\/div>\n<div id=\"m_4488012301629929295yui_3_16_0_ym19_1_1490108931018_5369\" dir=\"ltr\">Suplente: H&eacute;ctor Yaquines, por AUTAM.<\/div>\n<\/body><\/html>\n","protected":false},"excerpt":{"rendered":"Mediante Decreto N\u00ba235\/17, qued\u00f3 conformado el Consejo Asesor del organismo, que permite articular pol\u00edticas y acciones con entidades privadas vinculadas a la producci\u00f3n.","protected":false},"author":2,"featured_media":84130,"comment_status":"open","ping_status":"open","sticky":false,"template":"","format":"standard","meta":[],"categories":[1],"tags":[],"_links":{"self":[{"href":"https:\/\/www.mendoza.gov.ar\/prensa\/wp-json\/wp\/v2\/posts\/84123"}],"collection":[{"href":"https:\/\/www.mendoza.gov.ar\/prensa\/wp-json\/wp\/v2\/posts"}],"about":[{"href":"https:\/\/www.mendoza.gov.ar\/prensa\/wp-json\/wp\/v2\/types\/post"}],"author":[{"embeddable":true,"href":"https:\/\/www.mendoza.gov.ar\/prensa\/wp-json\/wp\/v2\/users\/2"}],"replies":[{"embeddable":true,"href":"https:\/\/www.mendoza.gov.ar\/prensa\/wp-json\/wp\/v2\/comments?post=84123"}],"version-history":[{"count":0,"href":"https:\/\/www.mendoza.gov.ar\/prensa\/wp-json\/wp\/v2\/posts\/84123\/revisions"}],"wp:featuredmedia":[{"embeddable":true,"href":"https:\/\/www.mendoza.gov.ar\/prensa\/wp-json\/wp\/v2\/media\/84130"}],"wp:attachment":[{"href":"https:\/\/www.mendoza.gov.ar\/prensa\/wp-json\/wp\/v2\/media?parent=84123"}],"wp:term":[{"taxonomy":"category","embeddable":true,"href":"https:\/\/www.mendoza.gov.ar\/prensa\/wp-json\/wp\/v2\/categories?post=84123"},{"taxonomy":"post_tag","embeddable":true,"href":"https:\/\/www.mendoza.gov.ar\/prensa\/wp-json\/wp\/v2\/tags?post=84123"}],"curies":[{"name":"wp","href":"https:\/\/api.w.org\/{rel}","templated":true}]}}